{"id":1697,"date":"2016-11-01T10:45:01","date_gmt":"2016-11-01T10:45:01","guid":{"rendered":"http:\/\/www.aegois.com\/site\/?p=1697"},"modified":"2016-11-01T10:47:42","modified_gmt":"2016-11-01T10:47:42","slug":"divulgacao-formacao-de-curta-duracao-relang-oqecr-e-a-avaliacao","status":"publish","type":"post","link":"https:\/\/www.aegois.com\/site\/divulgacao-formacao-de-curta-duracao-relang-oqecr-e-a-avaliacao\/","title":{"rendered":"Divulga\u00e7\u00e3o: Forma\u00e7\u00e3o de Curta Dura\u00e7\u00e3o: &#8216;Relang: O QECR e a Avalia\u00e7\u00e3o&#8217;"},"content":{"rendered":"<p>Divulga-se a presente forma\u00e7\u00e3o pelos elementos do Departamento de L\u00ednguas (Cartaz e Conte\u00fados).<br \/>\nA mesma decorrer\u00e1 no dia 19 de novembro na Escola B\u00e1sica de G\u00f3is e as inscri\u00e7\u00f5es dever\u00e3o realizar-se at\u00e9 ao dia 15 de novembro, no link que se encontra no site no CFAE Coimbra Interior: <span class=\"text_exposed_show\"><br \/>\n<strong><a href=\"https:\/\/docs.google.com\/a\/aegois.com\/forms\/d\/e\/1FAIpQLSdfxmmwi64dFgV__oAeah1QKimm0T3J2060ICD99gHgpaJ_Jg\/viewform\" target=\"_blank\" rel=\"nofollow\">https:\/\/docs.google.com\/\u2026\/1FAIpQLSdfxmmwi64dFgV__o\u2026\/viewform<\/a><\/strong><\/span><\/p>\n<div class=\"text_exposed_show\">\n<p>Mais se informa que os docentes que se inscreverem devem levar para a forma\u00e7\u00e3o os crit\u00e9rios de avalia\u00e7\u00e3o dos seus departamentos (l\u00ednguas estrangeiras) pois caso contr\u00e1rio h\u00e1 uma parte da forma\u00e7\u00e3o que n\u00e3o poder\u00e1 ser aplicada.<\/p>\n<p>&nbsp;<\/p>\n<p><strong><a href=\"https:\/\/www.aegois.com\/site\/wp-content\/uploads\/2016\/11\/Formac\u0327a\u0303o-RELANG-Go\u0301is.pdf\">Conte\u00fados da Forma\u00e7\u00e3o<\/a><\/strong><\/p>\n<p><img loading=\"lazy\" decoding=\"async\" class=\"alignnone wp-image-1698\" src=\"https:\/\/www.aegois.com\/site\/wp-content\/uploads\/2016\/11\/Cartaz-Go\u0301is-212x300.png\" alt=\"Cartaz de divulga\u00e7\u00e3o\" width=\"312\" height=\"442\" srcset=\"https:\/\/www.aegois.com\/site\/wp-content\/uploads\/2016\/11\/Cartaz-Go\u0301is-212x300.png 212w, https:\/\/www.aegois.com\/site\/wp-content\/uploads\/2016\/11\/Cartaz-Go\u0301is.png 453w\" sizes=\"auto, (max-width: 312px) 100vw, 312px\" \/><\/p>\n<\/div>\n","protected":false},"excerpt":{"rendered":"<p>Divulga-se a presente forma\u00e7\u00e3o pelos elementos do Departamento de L\u00ednguas (Cartaz e Conte\u00fados). A mesma decorrer\u00e1 no dia 19 de novembro na Escola B\u00e1sica de G\u00f3is e as inscri\u00e7\u00f5es dever\u00e3o realizar-se at\u00e9 ao dia 15 de novembro, no link que&hellip; <\/p>\n","protected":false},"author":2,"featured_media":0,"comment_status":"closed","ping_status":"closed","sticky":false,"template":"","format":"standard","meta":{"footnotes":""},"categories":[1],"tags":[],"class_list":["post-1697","post","type-post","status-publish","format-standard","hentry","category-noticias"],"_links":{"self":[{"href":"https:\/\/www.aegois.com\/site\/wp-json\/wp\/v2\/posts\/1697","targetHints":{"allow":["GET"]}}],"collection":[{"href":"https:\/\/www.aegois.com\/site\/wp-json\/wp\/v2\/posts"}],"about":[{"href":"https:\/\/www.aegois.com\/site\/wp-json\/wp\/v2\/types\/post"}],"author":[{"embeddable":true,"href":"https:\/\/www.aegois.com\/site\/wp-json\/wp\/v2\/users\/2"}],"replies":[{"embeddable":true,"href":"https:\/\/www.aegois.com\/site\/wp-json\/wp\/v2\/comments?post=1697"}],"version-history":[{"count":3,"href":"https:\/\/www.aegois.com\/site\/wp-json\/wp\/v2\/posts\/1697\/revisions"}],"predecessor-version":[{"id":1702,"href":"https:\/\/www.aegois.com\/site\/wp-json\/wp\/v2\/posts\/1697\/revisions\/1702"}],"wp:attachment":[{"href":"https:\/\/www.aegois.com\/site\/wp-json\/wp\/v2\/media?parent=1697"}],"wp:term":[{"taxonomy":"category","embeddable":true,"href":"https:\/\/www.aegois.com\/site\/wp-json\/wp\/v2\/categories?post=1697"},{"taxonomy":"post_tag","embeddable":true,"href":"https:\/\/www.aegois.com\/site\/wp-json\/wp\/v2\/tags?post=1697"}],"curies":[{"name":"wp","href":"https:\/\/api.w.org\/{rel}","templated":true}]}}