{"id":2098,"date":"2017-06-30T20:22:20","date_gmt":"2017-06-30T19:22:20","guid":{"rendered":"http:\/\/www.aegois.com\/site\/?p=2098"},"modified":"2017-06-30T20:23:13","modified_gmt":"2017-06-30T19:23:13","slug":"remarcacao-da-1a-e-2a-fase-da-prova-final-de-ciclo-de-portugues-do-9o-ano","status":"publish","type":"post","link":"https:\/\/www.aegois.com\/site\/remarcacao-da-1a-e-2a-fase-da-prova-final-de-ciclo-de-portugues-do-9o-ano\/","title":{"rendered":"Remarca\u00e7\u00e3o da 1\u00aa e 2\u00aa Fase da Prova Final de Ciclo de Portugu\u00eas do 9\u00ba Ano"},"content":{"rendered":"<p>Informam-se os Pais\/Encarregados de Educa\u00e7\u00e3o\/Alunos que a Prova Final de Ciclo de Portugu\u00eas dos alunos do 9\u00ba ano foi reagendada para o dia 21 de julho de 2017 (sexta-feira), pelas 9h30m.<span class=\"text_exposed_show\"><br \/>\nMais informamos que a data da 2\u00aa Fase, da referida prova, foi reagendada para a \u00c9poca Especial dos alunos praticantes de desporto, que se traduz no dia 8 de agosto (ter\u00e7a-feira), pelas 10h15m.<\/span><\/p>\n<div class=\"text_exposed_show\">\n<p>Os procedimentos a terem s\u00e3o os mesmos veiculados anteriormente, pelos que os alunos devem apresentar-se na Escola, junto \u00e0 sala ou local da prova, 30 minutos antes. A chamada faz\u2010se pela ordem constante nas pautas, 20 minutos antes da hora marcada para o in\u00edcio da prova.<br \/>\nAp\u00f3s a hora de in\u00edcio do tempo regulamentar da prova, n\u00e3o \u00e9 permitida a entrada dos alunos (Norma 2, p\u00e1g. 20 e 21).<br \/>\n&#8220;Os alunos n\u00e3o podem prestar provas sem serem portadores do seu cart\u00e3o de cidad\u00e3o\/bilhete de identidade ou de documento que legalmente o substitua, desde que este apresente fotografia.&#8221; (Norma 2, p\u00e1g. 21)<br \/>\n&#8220;Para a realiza\u00e7\u00e3o das provas finais e a n\u00edvel de escola e provas de equival\u00eancia \u00e0 frequ\u00eancia, os alunos n\u00e3o podem ter junto de si quaisquer suportes escritos n\u00e3o autorizados como, por exemplo, livros, cadernos, ou folhas nem quaisquer sistemas de comunica\u00e7\u00e3o m\u00f3vel como computadores port\u00e1teis, aparelhos de v\u00eddeo ou \u00e1udio, incluindo telem\u00f3veis, rel\u00f3gios com comunica\u00e7\u00e3o wireless (smartwatch), bips, etc..<br \/>\nQualquer telem\u00f3vel, rel\u00f3gios com comunica\u00e7\u00e3o wireless (smartwatch), ou outro meio de comunica\u00e7\u00e3o m\u00f3vel que seja detetado na posse de um aluno, quer esteja ligado ou desligado, determina a anula\u00e7\u00e3o da prova pela Diretora da Escola.&#8221; (Norma 2, p\u00e1g. 18)<\/p>\n<p>Em rela\u00e7\u00e3o ao transporte, cada aluno desloca-se por meio pr\u00f3prio.<\/p>\n<p>Esta informa\u00e7\u00e3o foi remetida por escrito em carta registada e com aviso de rece\u00e7\u00e3o, a cada encarregado de educa\u00e7\u00e3o dos alunos do 9\u00ba ano.<\/p>\n<p>Grata pela aten\u00e7\u00e3o e colabora\u00e7\u00e3o, subscrevo-me com os melhores cumprimentos.<\/p>\n<p><strong>A Diretora do Agrupamento<\/strong>: Cristina Martins<\/p>\n<\/div>\n","protected":false},"excerpt":{"rendered":"<p>Informam-se os Pais\/Encarregados de Educa\u00e7\u00e3o\/Alunos que a Prova Final de Ciclo de Portugu\u00eas dos alunos do 9\u00ba ano foi reagendada para o dia 21 de julho de 2017 (sexta-feira), pelas 9h30m. Mais informamos que a data da 2\u00aa Fase, da&hellip; <\/p>\n","protected":false},"author":2,"featured_media":0,"comment_status":"closed","ping_status":"closed","sticky":false,"template":"","format":"standard","meta":{"footnotes":""},"categories":[1],"tags":[],"class_list":["post-2098","post","type-post","status-publish","format-standard","hentry","category-noticias"],"_links":{"self":[{"href":"https:\/\/www.aegois.com\/site\/wp-json\/wp\/v2\/posts\/2098","targetHints":{"allow":["GET"]}}],"collection":[{"href":"https:\/\/www.aegois.com\/site\/wp-json\/wp\/v2\/posts"}],"about":[{"href":"https:\/\/www.aegois.com\/site\/wp-json\/wp\/v2\/types\/post"}],"author":[{"embeddable":true,"href":"https:\/\/www.aegois.com\/site\/wp-json\/wp\/v2\/users\/2"}],"replies":[{"embeddable":true,"href":"https:\/\/www.aegois.com\/site\/wp-json\/wp\/v2\/comments?post=2098"}],"version-history":[{"count":2,"href":"https:\/\/www.aegois.com\/site\/wp-json\/wp\/v2\/posts\/2098\/revisions"}],"predecessor-version":[{"id":2100,"href":"https:\/\/www.aegois.com\/site\/wp-json\/wp\/v2\/posts\/2098\/revisions\/2100"}],"wp:attachment":[{"href":"https:\/\/www.aegois.com\/site\/wp-json\/wp\/v2\/media?parent=2098"}],"wp:term":[{"taxonomy":"category","embeddable":true,"href":"https:\/\/www.aegois.com\/site\/wp-json\/wp\/v2\/categories?post=2098"},{"taxonomy":"post_tag","embeddable":true,"href":"https:\/\/www.aegois.com\/site\/wp-json\/wp\/v2\/tags?post=2098"}],"curies":[{"name":"wp","href":"https:\/\/api.w.org\/{rel}","templated":true}]}}