{"id":2137,"date":"2017-07-19T19:29:26","date_gmt":"2017-07-19T18:29:26","guid":{"rendered":"http:\/\/www.aegois.com\/site\/?p=2137"},"modified":"2017-07-19T19:29:26","modified_gmt":"2017-07-19T18:29:26","slug":"divulgacao-turmas-para-20172018","status":"publish","type":"post","link":"https:\/\/www.aegois.com\/site\/divulgacao-turmas-para-20172018\/","title":{"rendered":"Divulga\u00e7\u00e3o: Turmas para 2017\/2018"},"content":{"rendered":"<div data-contents=\"true\">\n<div class=\"\" data-block=\"true\" data-editor=\"ejqgs\" data-offset-key=\"3mh8h-0-0\">\n<div class=\"_1mf _1mj\" data-offset-key=\"3mh8h-0-0\"><span data-offset-key=\"3mh8h-0-0\">Na sequ\u00eancia da valida\u00e7\u00e3o final efetuada pela DGEstE Centro, durante o dia de hoje (19-07-2017), informa-se a Comunidade Educativa, que se mant\u00eam os dois Jardins de Inf\u00e2ncia do Agrupamento (G\u00f3is e Vila Nova do Ceira), cinco turmas no 1\u00ba Ciclo (uma em Alvares, tr\u00eas em G\u00f3is e uma em Vila Nova do Ceira) e dez turmas (duas por ano de escolaridade) no 2\u00ba e 3\u00ba Ciclos.<\/span><\/div>\n<\/div>\n<div class=\"\" data-block=\"true\" data-editor=\"ejqgs\" data-offset-key=\"13li5-0-0\">\n<div class=\"_1mf _1mj\" data-offset-key=\"13li5-0-0\"><span data-offset-key=\"13li5-0-0\">\u00a0<\/span><\/div>\n<\/div>\n<div class=\"\" data-block=\"true\" data-editor=\"ejqgs\" data-offset-key=\"c7jo5-0-0\">\n<div class=\"_1mf _1mj\" data-offset-key=\"c7jo5-0-0\"><span data-offset-key=\"c7jo5-0-0\">As listagens das turmas aprovadas encontram-se afixadas na Escola B\u00e1sica de G\u00f3is para consulta. <\/span><\/div>\n<\/div>\n<div class=\"\" data-block=\"true\" data-editor=\"ejqgs\" data-offset-key=\"68cmg-0-0\">\n<div class=\"_1mf _1mj\" data-offset-key=\"68cmg-0-0\"><span data-offset-key=\"68cmg-0-0\">Em Alvares e Vila Nova do Ceira tamb\u00e9m ser\u00e3o afixadas no dia 20 de julho.<\/span><\/div>\n<\/div>\n<div class=\"\" data-block=\"true\" data-editor=\"ejqgs\" data-offset-key=\"7fso6-0-0\">\n<div class=\"_1mf _1mj\" data-offset-key=\"7fso6-0-0\"><span data-offset-key=\"7fso6-0-0\">\u00a0<\/span><\/div>\n<\/div>\n<div class=\"\" data-block=\"true\" data-editor=\"ejqgs\" data-offset-key=\"3kqll-0-0\">\n<div class=\"_1mf _1mj\" data-offset-key=\"3kqll-0-0\"><span data-offset-key=\"3kqll-0-0\">Com os melhores cumprimentos.<\/span><\/div>\n<\/div>\n<div class=\"\" data-block=\"true\" data-editor=\"ejqgs\" data-offset-key=\"7tsn2-0-0\">\n<div class=\"_1mf _1mj\" data-offset-key=\"7tsn2-0-0\"><span data-offset-key=\"7tsn2-0-0\">\u00a0<\/span><\/div>\n<\/div>\n<div class=\"\" data-block=\"true\" data-editor=\"ejqgs\" data-offset-key=\"1m4rf-0-0\">\n<div class=\"_1mf _1mj\" data-offset-key=\"1m4rf-0-0\"><span data-offset-key=\"1m4rf-0-0\">G\u00f3is, 19 de julho de 2017.<\/span><\/div>\n<\/div>\n<div class=\"\" data-block=\"true\" data-editor=\"ejqgs\" data-offset-key=\"e8k9u-0-0\">\n<div class=\"_1mf _1mj\" data-offset-key=\"e8k9u-0-0\"><span data-offset-key=\"e8k9u-0-0\">\u00a0<\/span><\/div>\n<\/div>\n<div class=\"\" data-block=\"true\" data-editor=\"ejqgs\" data-offset-key=\"bd7i2-0-0\">\n<div class=\"_1mf _1mj\" data-offset-key=\"bd7i2-0-0\"><strong>A Diretora do Agrupamento<\/strong><\/div>\n<\/div>\n<div class=\"\" data-block=\"true\" data-editor=\"ejqgs\" data-offset-key=\"2cenh-0-0\">\n<div class=\"_1mf _1mj\" data-offset-key=\"2cenh-0-0\"><span data-offset-key=\"2cenh-0-0\">Cristina Maria dos Santos Martins<\/span><\/div>\n<\/div>\n<\/div>\n","protected":false},"excerpt":{"rendered":"<p>Na sequ\u00eancia da valida\u00e7\u00e3o final efetuada pela DGEstE Centro, durante o dia de hoje (19-07-2017), informa-se a Comunidade Educativa, que se mant\u00eam os dois Jardins de Inf\u00e2ncia do Agrupamento (G\u00f3is e Vila Nova do Ceira), cinco turmas no 1\u00ba Ciclo&hellip; <\/p>\n","protected":false},"author":2,"featured_media":0,"comment_status":"closed","ping_status":"closed","sticky":false,"template":"","format":"standard","meta":{"footnotes":""},"categories":[1],"tags":[],"class_list":["post-2137","post","type-post","status-publish","format-standard","hentry","category-noticias"],"_links":{"self":[{"href":"https:\/\/www.aegois.com\/site\/wp-json\/wp\/v2\/posts\/2137","targetHints":{"allow":["GET"]}}],"collection":[{"href":"https:\/\/www.aegois.com\/site\/wp-json\/wp\/v2\/posts"}],"about":[{"href":"https:\/\/www.aegois.com\/site\/wp-json\/wp\/v2\/types\/post"}],"author":[{"embeddable":true,"href":"https:\/\/www.aegois.com\/site\/wp-json\/wp\/v2\/users\/2"}],"replies":[{"embeddable":true,"href":"https:\/\/www.aegois.com\/site\/wp-json\/wp\/v2\/comments?post=2137"}],"version-history":[{"count":1,"href":"https:\/\/www.aegois.com\/site\/wp-json\/wp\/v2\/posts\/2137\/revisions"}],"predecessor-version":[{"id":2138,"href":"https:\/\/www.aegois.com\/site\/wp-json\/wp\/v2\/posts\/2137\/revisions\/2138"}],"wp:attachment":[{"href":"https:\/\/www.aegois.com\/site\/wp-json\/wp\/v2\/media?parent=2137"}],"wp:term":[{"taxonomy":"category","embeddable":true,"href":"https:\/\/www.aegois.com\/site\/wp-json\/wp\/v2\/categories?post=2137"},{"taxonomy":"post_tag","embeddable":true,"href":"https:\/\/www.aegois.com\/site\/wp-json\/wp\/v2\/tags?post=2137"}],"curies":[{"name":"wp","href":"https:\/\/api.w.org\/{rel}","templated":true}]}}