{"id":2857,"date":"2019-03-17T22:48:16","date_gmt":"2019-03-17T22:48:16","guid":{"rendered":"http:\/\/www.aegois.com\/site\/?p=2857"},"modified":"2019-03-17T22:58:33","modified_gmt":"2019-03-17T22:58:33","slug":"orcamento-participativo-das-escolas-2019","status":"publish","type":"post","link":"https:\/\/www.aegois.com\/site\/orcamento-participativo-das-escolas-2019\/","title":{"rendered":"OR\u00c7AMENTO PARTICIPATIVO DAS ESCOLAS 2019"},"content":{"rendered":"<p>Divulgam-se as tr\u00eas propostas apresentadas pelos alunos dos 7\u00ba A, 7\u00ba B e 8\u00ba A.<\/p>\n<div class=\"text_exposed_show\">\n<p>A vota\u00e7\u00e3o decorrer\u00e1 no dia 22 de mar\u00e7o de 2019, na Escola B\u00e1sica de G\u00f3is das 9h30m \u00e0s 15h30m, na Sala de Alunos.<\/p>\n<p>Contamos com a participa\u00e7\u00e3o dos alunos.<\/p>\n<p><img loading=\"lazy\" decoding=\"async\" class=\"alignnone wp-image-2858\" src=\"https:\/\/www.aegois.com\/site\/wp-content\/uploads\/2019\/03\/S-212x300.png\" alt=\"\" width=\"367\" height=\"519\" srcset=\"https:\/\/www.aegois.com\/site\/wp-content\/uploads\/2019\/03\/S-212x300.png 212w, https:\/\/www.aegois.com\/site\/wp-content\/uploads\/2019\/03\/S.png 679w\" sizes=\"auto, (max-width: 367px) 100vw, 367px\" \/>\u00a0\u00a0<img loading=\"lazy\" decoding=\"async\" class=\"alignnone wp-image-2859\" src=\"https:\/\/www.aegois.com\/site\/wp-content\/uploads\/2019\/03\/T-212x300.png\" alt=\"\" width=\"358\" height=\"507\" srcset=\"https:\/\/www.aegois.com\/site\/wp-content\/uploads\/2019\/03\/T-212x300.png 212w, https:\/\/www.aegois.com\/site\/wp-content\/uploads\/2019\/03\/T.png 678w\" sizes=\"auto, (max-width: 358px) 100vw, 358px\" \/><\/p>\n<p><img loading=\"lazy\" decoding=\"async\" class=\"alignnone wp-image-2860\" src=\"https:\/\/www.aegois.com\/site\/wp-content\/uploads\/2019\/03\/U-212x300.png\" alt=\"\" width=\"360\" height=\"509\" srcset=\"https:\/\/www.aegois.com\/site\/wp-content\/uploads\/2019\/03\/U-212x300.png 212w, https:\/\/www.aegois.com\/site\/wp-content\/uploads\/2019\/03\/U.png 678w\" sizes=\"auto, (max-width: 360px) 100vw, 360px\" \/><\/p>\n<\/div>\n","protected":false},"excerpt":{"rendered":"<p>Divulgam-se as tr\u00eas propostas apresentadas pelos alunos dos 7\u00ba A, 7\u00ba B e 8\u00ba A. A vota\u00e7\u00e3o decorrer\u00e1 no dia 22 de mar\u00e7o de 2019, na Escola B\u00e1sica de G\u00f3is das 9h30m \u00e0s 15h30m, na Sala de Alunos. Contamos com&hellip; <\/p>\n","protected":false},"author":2,"featured_media":0,"comment_status":"closed","ping_status":"closed","sticky":false,"template":"","format":"standard","meta":{"footnotes":""},"categories":[1],"tags":[],"class_list":["post-2857","post","type-post","status-publish","format-standard","hentry","category-noticias"],"_links":{"self":[{"href":"https:\/\/www.aegois.com\/site\/wp-json\/wp\/v2\/posts\/2857","targetHints":{"allow":["GET"]}}],"collection":[{"href":"https:\/\/www.aegois.com\/site\/wp-json\/wp\/v2\/posts"}],"about":[{"href":"https:\/\/www.aegois.com\/site\/wp-json\/wp\/v2\/types\/post"}],"author":[{"embeddable":true,"href":"https:\/\/www.aegois.com\/site\/wp-json\/wp\/v2\/users\/2"}],"replies":[{"embeddable":true,"href":"https:\/\/www.aegois.com\/site\/wp-json\/wp\/v2\/comments?post=2857"}],"version-history":[{"count":2,"href":"https:\/\/www.aegois.com\/site\/wp-json\/wp\/v2\/posts\/2857\/revisions"}],"predecessor-version":[{"id":2870,"href":"https:\/\/www.aegois.com\/site\/wp-json\/wp\/v2\/posts\/2857\/revisions\/2870"}],"wp:attachment":[{"href":"https:\/\/www.aegois.com\/site\/wp-json\/wp\/v2\/media?parent=2857"}],"wp:term":[{"taxonomy":"category","embeddable":true,"href":"https:\/\/www.aegois.com\/site\/wp-json\/wp\/v2\/categories?post=2857"},{"taxonomy":"post_tag","embeddable":true,"href":"https:\/\/www.aegois.com\/site\/wp-json\/wp\/v2\/tags?post=2857"}],"curies":[{"name":"wp","href":"https:\/\/api.w.org\/{rel}","templated":true}]}}