{"id":2862,"date":"2019-03-17T22:50:53","date_gmt":"2019-03-17T22:50:53","guid":{"rendered":"http:\/\/www.aegois.com\/site\/?p=2862"},"modified":"2019-03-17T22:50:53","modified_gmt":"2019-03-17T22:50:53","slug":"hastear-da-bandeira-do-eco-escolas-21-de-marco-pelas-10h-na-escola-basica-de-gois","status":"publish","type":"post","link":"https:\/\/www.aegois.com\/site\/hastear-da-bandeira-do-eco-escolas-21-de-marco-pelas-10h-na-escola-basica-de-gois\/","title":{"rendered":"HASTEAR DA BANDEIRA DO ECO-ESCOLAS &#8211; 21 DE MAR\u00c7O PELAS 10H NA ESCOLA B\u00c1SICA DE G\u00d3IS"},"content":{"rendered":"<p>No dia 21 de mar\u00e7o de 2019, pelas 10h, desenvolver-se-\u00e1 a Cerim\u00f3nia para hastear a Bandeira do Eco-Escolas na escola-se do Agrupamento. A sess\u00e3o contar\u00e1 com uma atua\u00e7\u00e3o musical, com a divulga\u00e7\u00e3o das atividades do Projeto Eco-Escolas e a exposi\u00e7\u00e3o de trabalhos realizados pelos alunos do 8\u00ba ano sobre recursos naturais.<\/p>\n<div class=\"text_exposed_show\">\n<p>Al\u00e9m desta atividade outras de desenvolver\u00e3o no decurso do dia, bem como durante a semana como se pode verificar no cartaz que se apresenta.<\/p>\n<p><img loading=\"lazy\" decoding=\"async\" class=\"alignnone  wp-image-2863\" src=\"https:\/\/www.aegois.com\/site\/wp-content\/uploads\/2019\/03\/Dia-da-Floresta-2019-212x300.jpg\" alt=\"\" width=\"350\" height=\"495\" srcset=\"https:\/\/www.aegois.com\/site\/wp-content\/uploads\/2019\/03\/Dia-da-Floresta-2019-212x300.jpg 212w, https:\/\/www.aegois.com\/site\/wp-content\/uploads\/2019\/03\/Dia-da-Floresta-2019-768x1086.jpg 768w, https:\/\/www.aegois.com\/site\/wp-content\/uploads\/2019\/03\/Dia-da-Floresta-2019-724x1024.jpg 724w\" sizes=\"auto, (max-width: 350px) 100vw, 350px\" \/><\/p>\n<\/div>\n","protected":false},"excerpt":{"rendered":"<p>No dia 21 de mar\u00e7o de 2019, pelas 10h, desenvolver-se-\u00e1 a Cerim\u00f3nia para hastear a Bandeira do Eco-Escolas na escola-se do Agrupamento. A sess\u00e3o contar\u00e1 com uma atua\u00e7\u00e3o musical, com a divulga\u00e7\u00e3o das atividades do Projeto Eco-Escolas e a exposi\u00e7\u00e3o&hellip; <\/p>\n","protected":false},"author":2,"featured_media":0,"comment_status":"closed","ping_status":"closed","sticky":false,"template":"","format":"standard","meta":{"footnotes":""},"categories":[1],"tags":[],"class_list":["post-2862","post","type-post","status-publish","format-standard","hentry","category-noticias"],"_links":{"self":[{"href":"https:\/\/www.aegois.com\/site\/wp-json\/wp\/v2\/posts\/2862","targetHints":{"allow":["GET"]}}],"collection":[{"href":"https:\/\/www.aegois.com\/site\/wp-json\/wp\/v2\/posts"}],"about":[{"href":"https:\/\/www.aegois.com\/site\/wp-json\/wp\/v2\/types\/post"}],"author":[{"embeddable":true,"href":"https:\/\/www.aegois.com\/site\/wp-json\/wp\/v2\/users\/2"}],"replies":[{"embeddable":true,"href":"https:\/\/www.aegois.com\/site\/wp-json\/wp\/v2\/comments?post=2862"}],"version-history":[{"count":1,"href":"https:\/\/www.aegois.com\/site\/wp-json\/wp\/v2\/posts\/2862\/revisions"}],"predecessor-version":[{"id":2864,"href":"https:\/\/www.aegois.com\/site\/wp-json\/wp\/v2\/posts\/2862\/revisions\/2864"}],"wp:attachment":[{"href":"https:\/\/www.aegois.com\/site\/wp-json\/wp\/v2\/media?parent=2862"}],"wp:term":[{"taxonomy":"category","embeddable":true,"href":"https:\/\/www.aegois.com\/site\/wp-json\/wp\/v2\/categories?post=2862"},{"taxonomy":"post_tag","embeddable":true,"href":"https:\/\/www.aegois.com\/site\/wp-json\/wp\/v2\/tags?post=2862"}],"curies":[{"name":"wp","href":"https:\/\/api.w.org\/{rel}","templated":true}]}}