{"id":2865,"date":"2019-03-17T22:51:50","date_gmt":"2019-03-17T22:51:50","guid":{"rendered":"http:\/\/www.aegois.com\/site\/?p=2865"},"modified":"2019-03-17T22:52:07","modified_gmt":"2019-03-17T22:52:07","slug":"turma-b-da-escola-basica-de-gois-3o-ano-recebe-bailarina-no-ambito-do-subprograma-r-a-residencias-artisticas","status":"publish","type":"post","link":"https:\/\/www.aegois.com\/site\/turma-b-da-escola-basica-de-gois-3o-ano-recebe-bailarina-no-ambito-do-subprograma-r-a-residencias-artisticas\/","title":{"rendered":"TURMA B DA ESCOLA B\u00c1SICA DE G\u00d3IS (3\u00ba ANO) RECEBE BAILARINA NO \u00c2MBITO DO SUBPROGRAMA \u201cR-A, RESID\u00caNCIAS ART\u00cdSTICAS\u201d"},"content":{"rendered":"<div class=\"_1dwg _1w_m _q7o\">\n<div>\n<div id=\"js_16\" class=\"_5pbx userContent _3ds9 _3576\" data-ft=\"{&quot;tn&quot;:&quot;K&quot;}\">\n<div id=\"id_5c8eccf125e456650834483\" class=\"text_exposed_root text_exposed\">\n<p>Na semana de 18 a 22 de mar\u00e7o de 2019, a Turma B (3\u00ba Ano) e a docente Clara Garcia recebem a bailarina Carla Pereira da Companhia Nacional de Bailado. Esta iniciativa surge no \u00e2mbito do Subprograma \u201cR-A, Resid\u00eancias Art\u00edsticas\u201d, que \u00abtraduz uma iniciativa interministerial entre as \u00e1reas da Educa\u00e7\u00e3o e da Cultura. \u00c9 dinamizado pela Equipa de Educa\u00e7\u00e3o Ar<span class=\"text_exposed_show\">t\u00edstica (EEA) da Dire\u00e7\u00e3o-Geral da Educa\u00e7\u00e3o (DGE), atrav\u00e9s do Programa de Educa\u00e7\u00e3o Est\u00e9tica e Art\u00edstica (PEEA) e pelo Organismo de Produ\u00e7\u00e3o Art\u00edstica, E.P.E. (OPART), destina-se a crian\u00e7as do primeiro ciclo do ensino b\u00e1sico e tem por objetivo integrar as pr\u00e1ticas art\u00edsticas no dia-a-dia dos alunos.\u00bb (in site da Dire\u00e7\u00e3o Geral de Educa\u00e7\u00e3o &#8211; DGE). Esta atividade conta com a colabora\u00e7\u00e3o ativa do Munic\u00edpio de G\u00f3is.<br \/>\nNo per\u00edodo mencionado, os alunos desenvolver\u00e3o diversas atividades com o objetivo de \u00abpromover a aprendizagem e experimenta\u00e7\u00e3o do processo de cria\u00e7\u00e3o art\u00edstica\u00bb (in site da Dire\u00e7\u00e3o Geral de Educa\u00e7\u00e3o &#8211; DGE) em diversos dom\u00ednios.<\/span><\/p>\n<div class=\"text_exposed_show\">\n<p>O trabalho realizado durante a semana ser\u00e1 apresentado \u00e0 Comunidade Educativa no dia 22 de mar\u00e7o de 2019 (sexta-feira), pelas 17h30m, na Casa da Cultura de G\u00f3is.<\/p>\n<p>Assim, convido alunos, docentes, pessoal n\u00e3o docente, pais\/encarregados de educa\u00e7\u00e3o e Comunidade Local, a assistirem a esta iniciativa que ser\u00e1 de grande import\u00e2ncia para todos que nela participam e colaboram.<\/p>\n<p>Contamos com a vossa presen\u00e7a.<\/p>\n<p>A Diretora do Agrupamento: Cristina Martins<\/p>\n<p>Informa\u00e7\u00e3o retirada do site:\u00a0<a href=\"https:\/\/l.facebook.com\/l.php?u=http%3A%2F%2Feducacaoartistica.dge.mec.pt%2Fresidencias-artisticas.html%3Ffbclid%3DIwAR2PC2Id3W53pCftxajX1zHHD5j59-aQRPD6V29h9Sv8_Arpnd7MaZQ568s&amp;h=AT2ZKpJIRecx7wLYKaSZDz72uLqll-rmNLysf65NrzeZYI4Bwkznm7VmGvcTQJugu_7jbg5WHGtcvP_Ywu4yhYBX6tG1Vew6NF-53KKpLBTMuy9lfZwDeLw2NJl5VcvO5GGz_7SFTpFIJsD6HdoIPHEX4t8OtgzhlLWh1apDMzEkHfoO8KZ2uJqJPwvuz8RfUSECON4v4cHosX3_hdAH2oGOUC2gu_V1AHixRdt2BABrazE-EqEDOOyWVCdXGtv1NAVH5WsSn_KBLOcf0HOksdo9walD0XAUmODr68b2f5YE5gw6ihhMFCys1Ax_XEOO2b8ovP7pupyAJk2siB2y2EBF21cRDm5u8UZskJyz9utWT43oEnHW6L-csKE1_prOtYeuPMdPPnUr5XDOSWCg2OeTZKwkAGHxGxh_GyFROOMUmdtZcVByCOrrlFgMlQ2RCF5FrVZ42kIzs07v8JtPt-gnaCoiBKUqsdzsJ5v8gMH1N7ghzfa8Zcyv0X4NAmU3aN--2X6Ml2B3OguwhDzFXGPuRDCHUGm9iZdLJbklcRALi9rQl0LhRwtqR6wJkDCMffdFRrg1RG7_BcyxGYkUzgaOuQuwoCQ3EpinGDY-obFBYpZv3R7hlukwgF6sKv5xvSryKXZjWVW8\" target=\"_blank\" rel=\"noopener nofollow\" data-ft=\"{&quot;tn&quot;:&quot;-U&quot;}\" data-lynx-mode=\"async\">http:\/\/educacaoartistica.dge.mec.pt\/residencias-artisticas.\u2026<\/a><\/p>\n<\/div>\n<\/div>\n<\/div>\n<div class=\"_3x-2\" data-ft=\"{&quot;tn&quot;:&quot;H&quot;}\">\n<div data-ft=\"{&quot;tn&quot;:&quot;H&quot;}\"><\/div>\n<\/div>\n<\/div>\n<\/div>\n","protected":false},"excerpt":{"rendered":"<p>Na semana de 18 a 22 de mar\u00e7o de 2019, a Turma B (3\u00ba Ano) e a docente Clara Garcia recebem a bailarina Carla Pereira da Companhia Nacional de Bailado. Esta iniciativa surge no \u00e2mbito do Subprograma \u201cR-A, Resid\u00eancias Art\u00edsticas\u201d,&hellip; <\/p>\n","protected":false},"author":2,"featured_media":0,"comment_status":"closed","ping_status":"closed","sticky":false,"template":"","format":"standard","meta":{"footnotes":""},"categories":[1],"tags":[],"class_list":["post-2865","post","type-post","status-publish","format-standard","hentry","category-noticias"],"_links":{"self":[{"href":"https:\/\/www.aegois.com\/site\/wp-json\/wp\/v2\/posts\/2865","targetHints":{"allow":["GET"]}}],"collection":[{"href":"https:\/\/www.aegois.com\/site\/wp-json\/wp\/v2\/posts"}],"about":[{"href":"https:\/\/www.aegois.com\/site\/wp-json\/wp\/v2\/types\/post"}],"author":[{"embeddable":true,"href":"https:\/\/www.aegois.com\/site\/wp-json\/wp\/v2\/users\/2"}],"replies":[{"embeddable":true,"href":"https:\/\/www.aegois.com\/site\/wp-json\/wp\/v2\/comments?post=2865"}],"version-history":[{"count":1,"href":"https:\/\/www.aegois.com\/site\/wp-json\/wp\/v2\/posts\/2865\/revisions"}],"predecessor-version":[{"id":2866,"href":"https:\/\/www.aegois.com\/site\/wp-json\/wp\/v2\/posts\/2865\/revisions\/2866"}],"wp:attachment":[{"href":"https:\/\/www.aegois.com\/site\/wp-json\/wp\/v2\/media?parent=2865"}],"wp:term":[{"taxonomy":"category","embeddable":true,"href":"https:\/\/www.aegois.com\/site\/wp-json\/wp\/v2\/categories?post=2865"},{"taxonomy":"post_tag","embeddable":true,"href":"https:\/\/www.aegois.com\/site\/wp-json\/wp\/v2\/tags?post=2865"}],"curies":[{"name":"wp","href":"https:\/\/api.w.org\/{rel}","templated":true}]}}