{"id":2867,"date":"2019-03-17T22:53:32","date_gmt":"2019-03-17T22:53:32","guid":{"rendered":"http:\/\/www.aegois.com\/site\/?p=2867"},"modified":"2019-03-17T22:53:50","modified_gmt":"2019-03-17T22:53:50","slug":"convite-feira-de-plantas-18-19-e-20-de-marco-de-2019","status":"publish","type":"post","link":"https:\/\/www.aegois.com\/site\/convite-feira-de-plantas-18-19-e-20-de-marco-de-2019\/","title":{"rendered":"CONVITE &#8211; FEIRA DE PLANTAS: 18, 19 E 20 DE MAR\u00c7O DE 2019"},"content":{"rendered":"<p>Convida-se a Comunidade Educativa a visitar a Feira de Plantas que ir\u00e1 estar patente no \u00e1trio de entrada do edif\u00edcio-sede do Agrupamento.<br \/>\nA atividade decorrer\u00e1 nos dias 18, 19 e 20 de mar\u00e7o de 2019.<\/p>\n<div class=\"text_exposed_show\">\n<p>Agradecemos desde j\u00e1 a participa\u00e7\u00e3o e colabora\u00e7\u00e3o de todos.<\/p>\n<p>A Diretora do Agrupamento: Cristina Maria dos Santos Martins<\/p>\n<p><img loading=\"lazy\" decoding=\"async\" class=\"alignnone wp-image-2868\" src=\"https:\/\/www.aegois.com\/site\/wp-content\/uploads\/2019\/03\/O-300x212.png\" alt=\"\" width=\"580\" height=\"410\" srcset=\"https:\/\/www.aegois.com\/site\/wp-content\/uploads\/2019\/03\/O-300x212.png 300w, https:\/\/www.aegois.com\/site\/wp-content\/uploads\/2019\/03\/O-768x542.png 768w, https:\/\/www.aegois.com\/site\/wp-content\/uploads\/2019\/03\/O.png 960w\" sizes=\"auto, (max-width: 580px) 100vw, 580px\" \/><\/p>\n<\/div>\n","protected":false},"excerpt":{"rendered":"<p>Convida-se a Comunidade Educativa a visitar a Feira de Plantas que ir\u00e1 estar patente no \u00e1trio de entrada do edif\u00edcio-sede do Agrupamento. A atividade decorrer\u00e1 nos dias 18, 19 e 20 de mar\u00e7o de 2019. Agradecemos desde j\u00e1 a participa\u00e7\u00e3o&hellip; <\/p>\n","protected":false},"author":2,"featured_media":0,"comment_status":"closed","ping_status":"closed","sticky":false,"template":"","format":"standard","meta":{"footnotes":""},"categories":[1],"tags":[],"class_list":["post-2867","post","type-post","status-publish","format-standard","hentry","category-noticias"],"_links":{"self":[{"href":"https:\/\/www.aegois.com\/site\/wp-json\/wp\/v2\/posts\/2867","targetHints":{"allow":["GET"]}}],"collection":[{"href":"https:\/\/www.aegois.com\/site\/wp-json\/wp\/v2\/posts"}],"about":[{"href":"https:\/\/www.aegois.com\/site\/wp-json\/wp\/v2\/types\/post"}],"author":[{"embeddable":true,"href":"https:\/\/www.aegois.com\/site\/wp-json\/wp\/v2\/users\/2"}],"replies":[{"embeddable":true,"href":"https:\/\/www.aegois.com\/site\/wp-json\/wp\/v2\/comments?post=2867"}],"version-history":[{"count":1,"href":"https:\/\/www.aegois.com\/site\/wp-json\/wp\/v2\/posts\/2867\/revisions"}],"predecessor-version":[{"id":2869,"href":"https:\/\/www.aegois.com\/site\/wp-json\/wp\/v2\/posts\/2867\/revisions\/2869"}],"wp:attachment":[{"href":"https:\/\/www.aegois.com\/site\/wp-json\/wp\/v2\/media?parent=2867"}],"wp:term":[{"taxonomy":"category","embeddable":true,"href":"https:\/\/www.aegois.com\/site\/wp-json\/wp\/v2\/categories?post=2867"},{"taxonomy":"post_tag","embeddable":true,"href":"https:\/\/www.aegois.com\/site\/wp-json\/wp\/v2\/tags?post=2867"}],"curies":[{"name":"wp","href":"https:\/\/api.w.org\/{rel}","templated":true}]}}