{"id":4846,"date":"2026-04-21T16:43:46","date_gmt":"2026-04-21T15:43:46","guid":{"rendered":"https:\/\/www.aegois.com\/site\/?p=4846"},"modified":"2026-04-21T16:45:15","modified_gmt":"2026-04-21T15:45:15","slug":"matriculas-para-a-educacao-pre-escolar-e-1o-ano-de-escolaridade-do-ensino-basico-5","status":"publish","type":"post","link":"https:\/\/www.aegois.com\/site\/matriculas-para-a-educacao-pre-escolar-e-1o-ano-de-escolaridade-do-ensino-basico-5\/","title":{"rendered":"MATR\u00cdCULAS PARA 2026\/2027"},"content":{"rendered":"<p style=\"text-align: center;\"><strong>ANO LETIVO 2026\/2027<\/strong><\/p>\n<p><strong>MATR\u00cdCULAS PARA A EDUCA\u00c7\u00c3O PR\u00c9-ESCOLAR (PELA 1\u00aa VEZ) E 1\u00ba ANO DE ESCOLARIDADE DO ENSINO B\u00c1SICO<\/strong><\/p>\n<p><strong>(Conforme Despacho Normativo n.\u00ba 6\/2018, de 12 de abril, com a reda\u00e7\u00e3o dada pelo Despacho n.\u00ba 4472-A\/2026, de 6 de abril<\/strong><strong>)<\/strong><\/p>\n<p>&nbsp;<\/p>\n<p style=\"text-align: center;\"><strong><u>DE 22 DE ABRIL A 1 DE JUNHO DE 2026<\/u><\/strong><\/p>\n<p>De acordo com o disposto na legisla\u00e7\u00e3o em vigor, as matr\u00edculas para a Educa\u00e7\u00e3o Pr\u00e9-Escolar (pela 1\u00aa vez) e para o 1\u00ba ano de escolaridade s\u00e3o realizadas via Internet, em <strong><a href=\"https:\/\/www.portaldasmatriculas.edu.gov.pt\/\">https:\/\/www.portaldasmatriculas.edu.gov.pt\/ <\/a><\/strong>com recurso \u00e0 autentica\u00e7\u00e3o atrav\u00e9s de <a href=\"https:\/\/autenticacao.gov.pt\/fa\/ajuda\/autenticacaogovpt.aspx\">cart\u00e3o de cidad\u00e3o<\/a>,\u00a0<a href=\"https:\/\/www.autenticacao.gov.pt\/a-chave-movel-digital\">chave m\u00f3vel digital<\/a>\u00a0ou credenciais de acesso ao\u00a0<a href=\"https:\/\/www.acesso.gov.pt\/v2\/loginForm;pfapp_JSessionID=3-fbgjNjjm3SZs1KXQfpPNezDNKRYxhh-N9j4LFiH3B-2FvRDQzg!-1666537524!-845544609?partID=PFAP&amp;path=\/geral\/dashboard\">Portal das Finan\u00e7as<\/a>.<\/p>\n<p>As matr\u00edculas dever\u00e3o ser realizadas no\u00a0<em><strong>Portal das Matr\u00edculas,\u00a0<\/strong><\/em>preferencialmente, pelos pr\u00f3prios encarregados de educa\u00e7\u00e3o, ou de modo presencial\u00a0<strong>atrav\u00e9s de marca\u00e7\u00e3o pr\u00e9via ligando para o 235\u00a0770\u00a0150,<\/strong>\u00a0nos Servi\u00e7os Administrativos do Agrupamento de Escolas de G\u00f3is.<\/p>\n<p>Neste caso, os Encarregados de Educa\u00e7\u00e3o devem fazer-se acompanhar dos seguintes documentos (indispens\u00e1veis ao registo da matr\u00edcula)\u00a0<strong><u>at\u00e9 ao pr\u00f3ximo dia 1 de JUNHO impreterivelmente<\/u><\/strong>.<\/p>\n<p><strong>1) Encarregado\/a de Educa\u00e7\u00e3o:<\/strong><\/p>\n<ul>\n<li>Documento de identifica\u00e7\u00e3o civil (B.I.\/ cart\u00e3o de cidad\u00e3o e respetivos\u00a0<em>pins,\u00a0<\/em>passaporte);<\/li>\n<\/ul>\n<p><strong>Documentos para consulta e carregamento de dados na Aplica\u00e7\u00e3o Inform\u00e1tica:<\/strong><\/p>\n<ul>\n<li>N\u00famero de identifica\u00e7\u00e3o fiscal;<\/li>\n<li>N\u00famero de identifica\u00e7\u00e3o da seguran\u00e7a social\/ADSE ou outro subsistema de sa\u00fade;<\/li>\n<li>Documento comprovativo da morada da resid\u00eancia (Certid\u00e3o de Domic\u00edlio Fiscal emitida pela Autoridade Tribut\u00e1ria, a obter no Portal das Finan\u00e7as);<\/li>\n<li>Documento comprovativo da morada do local de trabalho;<\/li>\n<li>Documento de identifica\u00e7\u00e3o civil do pai e da m\u00e3e para consulta de dados (B.I.\/ cart\u00e3o de cidad\u00e3o, passaporte).<\/li>\n<\/ul>\n<p>&nbsp;<\/p>\n<p><strong>2) Aluno\/a:<\/strong><\/p>\n<ul>\n<li>Documento de identifica\u00e7\u00e3o civil (B.I.\/ cart\u00e3o de cidad\u00e3o e respetivos pins, passaporte);<\/li>\n<li>O n\u00famero de identifica\u00e7\u00e3o fiscal (NIF) da crian\u00e7a, no caso de o terem atribu\u00eddo;<\/li>\n<li>Os dados relativos \u00e0 composi\u00e7\u00e3o do agregado familiar por \u00faltimo validados pela Autoridade Tribut\u00e1ria;<\/li>\n<li>O n\u00famero de utente do Servi\u00e7o Nacional de Sa\u00fade (NSNS)<\/li>\n<li>O NISS das crian\u00e7as e alunos benefici\u00e1rios da presta\u00e7\u00e3o social de abono de fam\u00edlia que seja pago pela seguran\u00e7a social;<\/li>\n<li>1 Foto atualizada para digitaliza\u00e7\u00e3o.<\/li>\n<\/ul>\n<p><strong>\u00a0<\/strong><\/p>\n<p><strong>3)\u00a0<\/strong>Anexo ao processo de matr\u00edcula segue:<\/p>\n<p>\u2013 Autoriza\u00e7\u00e3o Geral do Agrupamento (impresso dispon\u00edvel nos Servi\u00e7os Administrativos e<strong> <a href=\"https:\/\/www.aegois.com\/site\/wp-content\/uploads\/2025\/04\/AUT-GERAL.pdf\">AQUI<\/a><\/strong>) que dever\u00e1 enviar para o email:\u00a0<a href=\"mailto:geraleb23gois@gmail.com\">geraleb23gois@gmail.com<\/a><\/p>\n<p>\u2013 Dados do pai, da m\u00e3e e do encarregado (impresso dispon\u00edvel nos Servi\u00e7os Administrativos e <strong><a href=\"https:\/\/www.aegois.com\/site\/wp-content\/uploads\/2025\/04\/Atualizacao-de-dados-ALUNO-PAI-MAE-e-ENC.EDUCACAO-1.pdf\">AQUI<\/a><\/strong>) que dever\u00e1 enviar para o email:\u00a0<a href=\"mailto:geraleb23gois@gmail.com\">geraleb23gois@gmail.com<\/a><\/p>\n<p>\u2013 Autoriza\u00e7\u00e3o de Sa\u00edda da Escola (impresso dispon\u00edvel nos Servi\u00e7os Administrativos e <a href=\"https:\/\/www.aegois.com\/site\/wp-content\/uploads\/2025\/04\/AUTORIZACAO-DE-SAIDA-CARTAO-AEG.docx\"><strong>AQUI<\/strong><\/a>) que dever\u00e1 enviar para o email:\u00a0<a href=\"mailto:geraleb23gois@gmail.com\">geraleb23gois@gmail.com<\/a><\/p>\n<p>\u2013 Ficha de Inscri\u00e7\u00e3o na Atividade de Complemento da Educa\u00e7\u00e3o Pr\u00e9-Escolar &#8211; Nata\u00e7\u00e3o (impresso dispon\u00edvel nos Servi\u00e7os Administrativos e <strong><a href=\"https:\/\/www.aegois.com\/site\/wp-content\/uploads\/2023\/04\/Ficha-Inscricao-Atividades-Complementares-pre-1.doc\">AQUI<\/a><\/strong>) que dever\u00e1 enviar para o email:\u00a0<a href=\"mailto:geraleb23gois@gmail.com\">geraleb23gois@gmail.com<\/a><\/p>\n<p>\u2013 Ficha de Inscri\u00e7\u00e3o nas Atividades de Enriquecimento Curricular (AEC) \u2013 1\u00ba Ciclo (impresso dispon\u00edvel nos Servi\u00e7os Administrativos e <strong><a href=\"https:\/\/www.aegois.com\/site\/wp-content\/uploads\/2023\/04\/Ficha-Inscricao-AEC-1o-ciclo.doc\">AQUI<\/a><\/strong>) que dever\u00e1 enviar para o email:\u00a0<a href=\"mailto:geraleb23gois@gmail.com\">geraleb23gois@gmail.com<\/a><\/p>\n<p>\u2013 Ficha de Inscri\u00e7\u00e3o Geral das AAAF e CAF (impresso dispon\u00edvel nos Servi\u00e7os Administrativos e <strong><a href=\"https:\/\/www.aegois.com\/site\/wp-content\/uploads\/2023\/04\/Ficha-Inscricao-Geral-AAAF_CAF.doc\">AQUI<\/a><\/strong>) que dever\u00e1 enviar para o email:\u00a0<a href=\"mailto:geraleb23gois@gmail.com\">geraleb23gois@gmail.com<\/a><\/p>\n<p>&#8211; Declara\u00e7\u00e3o de frequ\u00eancia de Educa\u00e7\u00e3o Moral e Religiosa (impresso dispon\u00edvel nos Servi\u00e7os Administrativos e <a href=\"https:\/\/www.aegois.com\/site\/wp-content\/uploads\/2025\/04\/Inscricao-em-EMR.pdf\"><strong>AQUI<\/strong><\/a><strong>)<\/strong> que dever\u00e1 enviar para o email:\u00a0<a href=\"mailto:geraleb23gois@gmail.com\">geraleb23gois@gmail.com<\/a><\/p>\n<p>&nbsp;<\/p>\n<p><strong>4)\u00a0<\/strong>Declara\u00e7\u00e3o de escal\u00e3o de Abono de Fam\u00edlia de 2026 (documento extra\u00eddo do portal da Seguran\u00e7a Social Direta), que dever\u00e1 enviar para o email: <a href=\"mailto:geraleb23gois@gmail.com\">geraleb23gois@gmail.com<\/a><\/p>\n<p>&nbsp;<\/p>\n<p><strong>5)\u00a0<\/strong>Certid\u00e3o da composi\u00e7\u00e3o do agregado familiar (documento extra\u00eddo do portal da Autoridade Tribut\u00e1ria),\u00a0<strong>apenas\u00a0<\/strong>para os casos em que o encarregado de educa\u00e7\u00e3o n\u00e3o seja o pai ou a m\u00e3e, que dever\u00e1 enviar para o email:\u00a0<a href=\"mailto:geraleb23gois@gmail.com\">geraleb23gois@gmail.com<\/a>;<\/p>\n<p>&nbsp;<\/p>\n<p><strong>6) <\/strong>Entrega do Relat\u00f3rio t\u00e9cnico-pedag\u00f3gico nos termos do\u00a0<a href=\"https:\/\/diariodarepublica.pt\/dr\/detalhe\/decreto-lei\/54-2018-115652961\" target=\"_blank\" rel=\"noopener\">Decreto-Lei n.\u00ba 54\/2018<\/a>, de 6 de julho, na sua atual reda\u00e7\u00e3o, se aplic\u00e1vel (Necessidades Educativas).<\/p>\n<p>&nbsp;<\/p>\n<p><strong>7) TRANSPORTE<\/strong><\/p>\n<p>\u00ab- <strong>Para renova\u00e7\u00f5es de Transporte Escolar<\/strong><br \/>\n<strong>(alunos que j\u00e1 utilizaram transporte escolar em 2025\/2026)<\/strong><\/p>\n<ul>\n<li>Preenchimento do Requerimento de Transporte Escolar no ato da matr\u00edcula (impresso dispon\u00edvel <a href=\"https:\/\/www.aegois.com\/site\/wp-content\/uploads\/2025\/04\/Req.-TE.pdf\"><strong>AQUI<\/strong><\/a>;<\/li>\n<li>Entrega do requerimento no Munic\u00edpio de G\u00f3is ou atrav\u00e9s do seguinte email luciana.dias@cm-gois.pt;<\/li>\n<li>A n\u00e3o entrega do requerimento devidamente preenchido impossibilita a atribui\u00e7\u00e3o de transporte escolar.<\/li>\n<\/ul>\n<p>&nbsp;<\/p>\n<p>&#8211; <strong>Para novos pedidos de Transporte Escolar<\/strong><br \/>\n<strong>(alunos que nunca utilizaram transporte escolar)<\/strong><\/p>\n<ul>\n<li>Preenchimento do Requerimento de Transporte Escolar no ato da matr\u00edcula (impresso dispon\u00edvel <a href=\"https:\/\/www.aegois.com\/site\/wp-content\/uploads\/2025\/04\/Req.-TE.pdf\"><strong>AQUI<\/strong>)<\/a>;<\/li>\n<li>Entrega do requerimento no Munic\u00edpio de G\u00f3is ou atrav\u00e9s do seguinte email luciana.dias@cm-gois.pt;<\/li>\n<\/ul>\n<p>&nbsp;<\/p>\n<p>&#8211;<strong> Exist\u00eancia de transporte p\u00fablico regular compat\u00edvel &#8211; Pedido efetuado no Balc\u00e3o \u00danico do Munic\u00edpio de G\u00f3is<\/strong><\/p>\n<ul>\n<li>Requerimento IMT (documento dispon\u00edvel <a href=\"https:\/\/www.aegois.com\/site\/wp-content\/uploads\/2025\/04\/Req.-IMT.pdf\"><strong>AQUI<\/strong><\/a>);<\/li>\n<li>Fotografia tipo passe;<\/li>\n<li>Pagamento de 3,00 \u20ac (emiss\u00e3o de cart\u00e3o).<\/li>\n<\/ul>\n<p>&nbsp;<\/p>\n<p><strong>&#8211; Inexist\u00eancia de transporte p\u00fablico regular compat\u00edvel:<\/strong><\/p>\n<ul>\n<li>Dever\u00e1 ser assinalada no ponto 4 do Requerimento de Transporte Escolar a op\u00e7\u00e3o \u201cTransporte da C\u00e2mara Municipal\u201d, para efeitos de an\u00e1lise e eventual enquadramento em circuito especial.<\/li>\n<\/ul>\n<div><\/div>\n<p>A correta e atempada entrega dos pedidos \u00e9 essencial para garantir a organiza\u00e7\u00e3o dos circuitos de transporte escolar e a articula\u00e7\u00e3o com o operador de transporte p\u00fablico. Neste sentido, solicita-se que seja remetida a documenta\u00e7\u00e3o necess\u00e1ria nos seguintes prazos:<\/p>\n<ul>\n<li>Fase 1: at\u00e9 24\/06\/2026<\/li>\n<li>Fase 2: at\u00e9 15\/07\/2026<\/li>\n<\/ul>\n<p>Os pedidos recebidos ap\u00f3s a Fase 2 ser\u00e3o tratados de forma faseada, em fun\u00e7\u00e3o da sua rece\u00e7\u00e3o e da capacidade de processamento, podendo implicar atrasos essencialmente na emiss\u00e3o de passes escolares.<\/p>\n<p>Importa ainda referir que, atendendo a que o calend\u00e1rio de matr\u00edculas decorre at\u00e9 22 de julho para os 10.\u00ba e 12.\u00ba anos de escolaridade, poder\u00e1 ser necess\u00e1rio acautelar situa\u00e7\u00f5es excecionais ap\u00f3s os prazos acima definidos.\u00bb (Informa\u00e7\u00e3o do Munic\u00edpio de G\u00f3is)<\/p>\n<p>&nbsp;<\/p>\n<p><strong>Observa\u00e7\u00f5es:<\/strong>\u00a0Alertam-se os encarregados de educa\u00e7\u00e3o para o facto de a c\u00e9dula de nascimento n\u00e3o ser considerada um documento de identifica\u00e7\u00e3o civil v\u00e1lido no registo da matr\u00edcula.<\/p>\n<p>G\u00f3is, 21 de abril de 2026<\/p>\n<p><strong>A Diretora do Agrupamento<\/strong><\/p>\n<p>Cristina Maria dos Santos Martins<\/p>\n","protected":false},"excerpt":{"rendered":"<p>ANO LETIVO 2026\/2027 MATR\u00cdCULAS PARA A EDUCA\u00c7\u00c3O PR\u00c9-ESCOLAR (PELA 1\u00aa VEZ) E 1\u00ba ANO DE ESCOLARIDADE DO ENSINO B\u00c1SICO (Conforme Despacho Normativo n.\u00ba 6\/2018, de 12 de abril, com a reda\u00e7\u00e3o dada pelo Despacho n.\u00ba 4472-A\/2026, de 6 de abril)&hellip; <\/p>\n","protected":false},"author":2,"featured_media":0,"comment_status":"closed","ping_status":"closed","sticky":false,"template":"","format":"standard","meta":{"footnotes":""},"categories":[1],"tags":[],"class_list":["post-4846","post","type-post","status-publish","format-standard","hentry","category-noticias"],"_links":{"self":[{"href":"https:\/\/www.aegois.com\/site\/wp-json\/wp\/v2\/posts\/4846","targetHints":{"allow":["GET"]}}],"collection":[{"href":"https:\/\/www.aegois.com\/site\/wp-json\/wp\/v2\/posts"}],"about":[{"href":"https:\/\/www.aegois.com\/site\/wp-json\/wp\/v2\/types\/post"}],"author":[{"embeddable":true,"href":"https:\/\/www.aegois.com\/site\/wp-json\/wp\/v2\/users\/2"}],"replies":[{"embeddable":true,"href":"https:\/\/www.aegois.com\/site\/wp-json\/wp\/v2\/comments?post=4846"}],"version-history":[{"count":16,"href":"https:\/\/www.aegois.com\/site\/wp-json\/wp\/v2\/posts\/4846\/revisions"}],"predecessor-version":[{"id":6403,"href":"https:\/\/www.aegois.com\/site\/wp-json\/wp\/v2\/posts\/4846\/revisions\/6403"}],"wp:attachment":[{"href":"https:\/\/www.aegois.com\/site\/wp-json\/wp\/v2\/media?parent=4846"}],"wp:term":[{"taxonomy":"category","embeddable":true,"href":"https:\/\/www.aegois.com\/site\/wp-json\/wp\/v2\/categories?post=4846"},{"taxonomy":"post_tag","embeddable":true,"href":"https:\/\/www.aegois.com\/site\/wp-json\/wp\/v2\/tags?post=4846"}],"curies":[{"name":"wp","href":"https:\/\/api.w.org\/{rel}","templated":true}]}}