{"id":5522,"date":"2024-05-21T14:18:18","date_gmt":"2024-05-21T13:18:18","guid":{"rendered":"https:\/\/www.aegois.com\/site\/?p=5522"},"modified":"2024-05-21T14:18:18","modified_gmt":"2024-05-21T13:18:18","slug":"alunos-de-gois-recebem-premio-anam-em-barcelos","status":"publish","type":"post","link":"https:\/\/www.aegois.com\/site\/alunos-de-gois-recebem-premio-anam-em-barcelos\/","title":{"rendered":"ALUNOS DE G\u00d3IS RECEBEM PR\u00c9MIO ANAM EM BARCELOS"},"content":{"rendered":"<div class=\"xdj266r x11i5rnm xat24cr x1mh8g0r x1vvkbs x126k92a\">\n<div dir=\"auto\"><span style=\"font-size: 14px;\">No passado dia 17 de maio de 2024, os alunos do s\u00e9timo ano do Agrupamento de Escolas de G\u00f3is, acompanhados pelas docentes Isabel Botequilha e Albertina Nogueira, deslocaram-se \u00e0 cidade de Barcelos, aceitando o convite do Presidente da ANAM, Albino Almeida, para a cerim\u00f3nia de entrega dos pr\u00e9mios na categoria de \u00abTrabalhos de \u00e2mbito escolar\u00bb, a levar a efeito no Sal\u00e3o Nobre do Munic\u00edpio. Os presentes demonstraram o seu agrado, n\u00e3o s\u00f3 pela apresenta\u00e7\u00e3o, feita pelos discentes, do trabalho desenvolvido e intitulado \u00abProjeto SEEDS \u2013 Sementes Empreendedoras para o Desenvolvimento Sustent\u00e1vel\u00bb (que tem como base mitigar a perda da biodiversidade criando bancos de sementes escolares), como tamb\u00e9m pela presen\u00e7a de jovens, como real\u00e7ou um dos intervenientes, afirmando que \u00abAbril n\u00e3o morreu\u00bb.<\/span><\/div>\n<\/div>\n<div class=\"x11i5rnm xat24cr x1mh8g0r x1vvkbs xtlvy1s x126k92a\">\n<div dir=\"auto\">Alunos e professoras, igualmente envolvidas no referido projeto, regozijaram-se com o reconhecimento e os elogios feitos pelo p\u00fablico, mesmo ap\u00f3s a cerim\u00f3nia.<\/div>\n<div dir=\"auto\">Para al\u00e9m deste evento, foi, ainda, poss\u00edvel visitar o museu de Olaria, participando numa atividade l\u00fadico pedag\u00f3gica (pintura de pequenos galos de Barcelos que cada discente trouxe consigo, como oferta) e conhecer, tamb\u00e9m, a Torre Medieval, espa\u00e7o conhecido como Centro de Interpreta\u00e7\u00e3o do Galo e da Cidade de Barcelos, subindo at\u00e9 ao terceiro e \u00faltimo piso para apreciar a vista deslumbrante sobre a cidade e o concelho, aproveitando-se a oportunidade para adquirir pequenos \u00absouvenirs\u00bb.<\/div>\n<div dir=\"auto\">De salientar, finalmente, a disponibilidade, a flexibilidade demonstradas pelo munic\u00edpio de G\u00f3is, ao ceder o transporte para a realiza\u00e7\u00e3o desta viagem, visita que, de certeza, n\u00e3o ser\u00e1 esquecida pelos que nela participaram.<\/div>\n<\/div>\n<div class=\"x11i5rnm xat24cr x1mh8g0r x1vvkbs xtlvy1s x126k92a\">\n<div dir=\"auto\">As docentes: Albertina Nogueira e Isabel Botequilha<\/div>\n<div dir=\"auto\"><img loading=\"lazy\" decoding=\"async\" class=\"alignnone size-medium wp-image-5523\" src=\"https:\/\/www.aegois.com\/site\/wp-content\/uploads\/2024\/05\/IMG_20240517_135043_2-300x278.jpg\" alt=\"\" width=\"300\" height=\"278\" srcset=\"https:\/\/www.aegois.com\/site\/wp-content\/uploads\/2024\/05\/IMG_20240517_135043_2-300x278.jpg 300w, https:\/\/www.aegois.com\/site\/wp-content\/uploads\/2024\/05\/IMG_20240517_135043_2-1024x948.jpg 1024w, https:\/\/www.aegois.com\/site\/wp-content\/uploads\/2024\/05\/IMG_20240517_135043_2-768x711.jpg 768w, https:\/\/www.aegois.com\/site\/wp-content\/uploads\/2024\/05\/IMG_20240517_135043_2-1536x1423.jpg 1536w, https:\/\/www.aegois.com\/site\/wp-content\/uploads\/2024\/05\/IMG_20240517_135043_2-2048x1897.jpg 2048w\" sizes=\"auto, (max-width: 300px) 100vw, 300px\" \/><\/div>\n<div dir=\"auto\"><\/div>\n<div dir=\"auto\"><img loading=\"lazy\" decoding=\"async\" class=\"alignnone size-medium wp-image-5524\" src=\"https:\/\/www.aegois.com\/site\/wp-content\/uploads\/2024\/05\/IMG_20240517_142828-300x225.jpg\" alt=\"\" width=\"300\" height=\"225\" srcset=\"https:\/\/www.aegois.com\/site\/wp-content\/uploads\/2024\/05\/IMG_20240517_142828-300x225.jpg 300w, https:\/\/www.aegois.com\/site\/wp-content\/uploads\/2024\/05\/IMG_20240517_142828-1024x768.jpg 1024w, https:\/\/www.aegois.com\/site\/wp-content\/uploads\/2024\/05\/IMG_20240517_142828-768x576.jpg 768w, https:\/\/www.aegois.com\/site\/wp-content\/uploads\/2024\/05\/IMG_20240517_142828-1536x1152.jpg 1536w, https:\/\/www.aegois.com\/site\/wp-content\/uploads\/2024\/05\/IMG_20240517_142828-2048x1536.jpg 2048w\" sizes=\"auto, (max-width: 300px) 100vw, 300px\" \/><\/div>\n<div dir=\"auto\"><\/div>\n<div dir=\"auto\"><img loading=\"lazy\" decoding=\"async\" class=\"alignnone size-medium wp-image-5525\" src=\"https:\/\/www.aegois.com\/site\/wp-content\/uploads\/2024\/05\/IMG_20240517_174457-225x300.jpg\" alt=\"\" width=\"225\" height=\"300\" srcset=\"https:\/\/www.aegois.com\/site\/wp-content\/uploads\/2024\/05\/IMG_20240517_174457-225x300.jpg 225w, https:\/\/www.aegois.com\/site\/wp-content\/uploads\/2024\/05\/IMG_20240517_174457-768x1024.jpg 768w, https:\/\/www.aegois.com\/site\/wp-content\/uploads\/2024\/05\/IMG_20240517_174457-1152x1536.jpg 1152w, https:\/\/www.aegois.com\/site\/wp-content\/uploads\/2024\/05\/IMG_20240517_174457-1536x2048.jpg 1536w, https:\/\/www.aegois.com\/site\/wp-content\/uploads\/2024\/05\/IMG_20240517_174457-scaled.jpg 1920w\" sizes=\"auto, (max-width: 225px) 100vw, 225px\" \/> <img loading=\"lazy\" decoding=\"async\" class=\"alignnone size-medium wp-image-5526\" src=\"https:\/\/www.aegois.com\/site\/wp-content\/uploads\/2024\/05\/IMG_20240519_175112-300x212.jpg\" alt=\"\" width=\"300\" height=\"212\" srcset=\"https:\/\/www.aegois.com\/site\/wp-content\/uploads\/2024\/05\/IMG_20240519_175112-300x212.jpg 300w, https:\/\/www.aegois.com\/site\/wp-content\/uploads\/2024\/05\/IMG_20240519_175112-1024x723.jpg 1024w, https:\/\/www.aegois.com\/site\/wp-content\/uploads\/2024\/05\/IMG_20240519_175112-768x542.jpg 768w, https:\/\/www.aegois.com\/site\/wp-content\/uploads\/2024\/05\/IMG_20240519_175112-1536x1084.jpg 1536w, https:\/\/www.aegois.com\/site\/wp-content\/uploads\/2024\/05\/IMG_20240519_175112-2048x1446.jpg 2048w\" sizes=\"auto, (max-width: 300px) 100vw, 300px\" \/><\/div>\n<div dir=\"auto\"><\/div>\n<\/div>\n<div dir=\"auto\"><img loading=\"lazy\" decoding=\"async\" class=\"alignnone size-medium wp-image-5527\" src=\"https:\/\/www.aegois.com\/site\/wp-content\/uploads\/2024\/05\/Premios_ANAM_2024-12-300x169.jpg\" alt=\"\" width=\"300\" height=\"169\" srcset=\"https:\/\/www.aegois.com\/site\/wp-content\/uploads\/2024\/05\/Premios_ANAM_2024-12-300x169.jpg 300w, https:\/\/www.aegois.com\/site\/wp-content\/uploads\/2024\/05\/Premios_ANAM_2024-12-1024x576.jpg 1024w, https:\/\/www.aegois.com\/site\/wp-content\/uploads\/2024\/05\/Premios_ANAM_2024-12-768x432.jpg 768w, https:\/\/www.aegois.com\/site\/wp-content\/uploads\/2024\/05\/Premios_ANAM_2024-12-1536x864.jpg 1536w, https:\/\/www.aegois.com\/site\/wp-content\/uploads\/2024\/05\/Premios_ANAM_2024-12.jpg 2040w\" sizes=\"auto, (max-width: 300px) 100vw, 300px\" \/><\/div>\n","protected":false},"excerpt":{"rendered":"<p>No passado dia 17 de maio de 2024, os alunos do s\u00e9timo ano do Agrupamento de Escolas de G\u00f3is, acompanhados pelas docentes Isabel Botequilha e Albertina Nogueira, deslocaram-se \u00e0 cidade de Barcelos, aceitando o convite do Presidente da ANAM, Albino&hellip; <\/p>\n","protected":false},"author":2,"featured_media":0,"comment_status":"closed","ping_status":"closed","sticky":false,"template":"","format":"standard","meta":{"footnotes":""},"categories":[1],"tags":[],"class_list":["post-5522","post","type-post","status-publish","format-standard","hentry","category-noticias"],"_links":{"self":[{"href":"https:\/\/www.aegois.com\/site\/wp-json\/wp\/v2\/posts\/5522","targetHints":{"allow":["GET"]}}],"collection":[{"href":"https:\/\/www.aegois.com\/site\/wp-json\/wp\/v2\/posts"}],"about":[{"href":"https:\/\/www.aegois.com\/site\/wp-json\/wp\/v2\/types\/post"}],"author":[{"embeddable":true,"href":"https:\/\/www.aegois.com\/site\/wp-json\/wp\/v2\/users\/2"}],"replies":[{"embeddable":true,"href":"https:\/\/www.aegois.com\/site\/wp-json\/wp\/v2\/comments?post=5522"}],"version-history":[{"count":1,"href":"https:\/\/www.aegois.com\/site\/wp-json\/wp\/v2\/posts\/5522\/revisions"}],"predecessor-version":[{"id":5528,"href":"https:\/\/www.aegois.com\/site\/wp-json\/wp\/v2\/posts\/5522\/revisions\/5528"}],"wp:attachment":[{"href":"https:\/\/www.aegois.com\/site\/wp-json\/wp\/v2\/media?parent=5522"}],"wp:term":[{"taxonomy":"category","embeddable":true,"href":"https:\/\/www.aegois.com\/site\/wp-json\/wp\/v2\/categories?post=5522"},{"taxonomy":"post_tag","embeddable":true,"href":"https:\/\/www.aegois.com\/site\/wp-json\/wp\/v2\/tags?post=5522"}],"curies":[{"name":"wp","href":"https:\/\/api.w.org\/{rel}","templated":true}]}}