{"id":5533,"date":"2024-06-02T17:16:05","date_gmt":"2024-06-02T16:16:05","guid":{"rendered":"https:\/\/www.aegois.com\/site\/?p=5533"},"modified":"2024-06-02T21:18:30","modified_gmt":"2024-06-02T20:18:30","slug":"agrupamento-de-escolas-de-gois-contemplado-no-viii-premio-jorge-paiva-escola-e-responsabilidade-ambiental","status":"publish","type":"post","link":"https:\/\/www.aegois.com\/site\/agrupamento-de-escolas-de-gois-contemplado-no-viii-premio-jorge-paiva-escola-e-responsabilidade-ambiental\/","title":{"rendered":"AGRUPAMENTO DE ESCOLAS DE G\u00d3IS CONTEMPLADO NO VIII Pr\u00e9mio Jorge Paiva &#8211; Escola e Responsabilidade Ambiental"},"content":{"rendered":"<div class=\"xdj266r x11i5rnm xat24cr x1mh8g0r x1vvkbs x126k92a\">\n<div dir=\"auto\"><span style=\"font-size: 14px;\">Na sequ\u00eancia das candidaturas ao VIII Pr\u00e9mio Jorge Paiva 2024, pelos alunos do 7\u00ba A e da Educa\u00e7\u00e3o Pr\u00e9-Escolar e 1\u00ba Ciclo de todo o Agrupamento, no dia 29 de maio de 2024, um grupo de alunos representante dos restantes colegas, deslocou-se \u00e0 Escola B\u00e1sica de Arganil, a fim de participar na Cerim\u00f3nia de Entrega de Pr\u00e9mios. Assim, os alunos do 7\u00ba A foram contemplados com o pr\u00e9mio relativo ao 2\u00ba Escal\u00e3o, que se baseou no trabalho que desenvolveram na interrup\u00e7\u00e3o do Natal, entrevistando familiares e vizinhos sobre as pr\u00e1ticas agr\u00edcolas da regi\u00e3o, integrando-se tal no Projeto SEEDS; os da Educa\u00e7\u00e3o Pr\u00e9-Escolar e 1\u00ba Ciclo receberam uma men\u00e7\u00e3o Honrosa, pelo trabalho que realizaram durante a dinamiza\u00e7\u00e3o dos workshops \u201cServi\u00e7os dos Ecossistemas: Rios\u201d, e posterior, registo gr\u00e1fico das aprendizagens.<\/span><\/div>\n<\/div>\n<div class=\"x11i5rnm xat24cr x1mh8g0r x1vvkbs xtlvy1s x126k92a\">\n<div dir=\"auto\">Os alunos da Educa\u00e7\u00e3o Pr\u00e9-Escolar, do 1\u00ba Ciclo e do 7\u00ba A, bem como os seus docentes e a engenheira Joana Maciel est\u00e3o de parab\u00e9ns pelo seu excelente trabalho.<\/div>\n<div dir=\"auto\"><\/div>\n<div dir=\"auto\">O Agrupamento de Escolas de G\u00f3is deixa um agradecimento ao Munic\u00edpio pela ced\u00eancia de transporte, possibilitando a desloca\u00e7\u00e3o \u00e0 EB de Arganil.<\/div>\n<div dir=\"auto\"><\/div>\n<\/div>\n<div class=\"x11i5rnm xat24cr x1mh8g0r x1vvkbs xtlvy1s x126k92a\">\n<div dir=\"auto\">As fotos foram, gentilmente, cedidas pela docente Aida Andr\u00e9 e pelo CFAE Coimbra Interior.<\/div>\n<div dir=\"auto\"><\/div>\n<\/div>\n<div class=\"x11i5rnm xat24cr x1mh8g0r x1vvkbs xtlvy1s x126k92a\">\n<div dir=\"auto\">A Diretora do Agrupamento de Escolas de G\u00f3is: Cristina Martins<\/div>\n<div dir=\"auto\"><img loading=\"lazy\" decoding=\"async\" class=\"alignnone size-medium wp-image-5534\" src=\"https:\/\/www.aegois.com\/site\/wp-content\/uploads\/2024\/06\/20240529_112303-300x225.jpg\" alt=\"\" width=\"300\" height=\"225\" srcset=\"https:\/\/www.aegois.com\/site\/wp-content\/uploads\/2024\/06\/20240529_112303-300x225.jpg 300w, https:\/\/www.aegois.com\/site\/wp-content\/uploads\/2024\/06\/20240529_112303-1024x768.jpg 1024w, https:\/\/www.aegois.com\/site\/wp-content\/uploads\/2024\/06\/20240529_112303-768x576.jpg 768w, https:\/\/www.aegois.com\/site\/wp-content\/uploads\/2024\/06\/20240529_112303-1536x1152.jpg 1536w, https:\/\/www.aegois.com\/site\/wp-content\/uploads\/2024\/06\/20240529_112303-2048x1536.jpg 2048w\" sizes=\"auto, (max-width: 300px) 100vw, 300px\" \/><\/div>\n<div dir=\"auto\"><\/div>\n<div dir=\"auto\"><img loading=\"lazy\" decoding=\"async\" class=\"alignnone size-medium wp-image-5535\" src=\"https:\/\/www.aegois.com\/site\/wp-content\/uploads\/2024\/06\/20240529_112330-300x225.jpg\" alt=\"\" width=\"300\" height=\"225\" srcset=\"https:\/\/www.aegois.com\/site\/wp-content\/uploads\/2024\/06\/20240529_112330-300x225.jpg 300w, https:\/\/www.aegois.com\/site\/wp-content\/uploads\/2024\/06\/20240529_112330-1024x768.jpg 1024w, https:\/\/www.aegois.com\/site\/wp-content\/uploads\/2024\/06\/20240529_112330-768x576.jpg 768w, https:\/\/www.aegois.com\/site\/wp-content\/uploads\/2024\/06\/20240529_112330-1536x1152.jpg 1536w, https:\/\/www.aegois.com\/site\/wp-content\/uploads\/2024\/06\/20240529_112330-2048x1536.jpg 2048w\" sizes=\"auto, (max-width: 300px) 100vw, 300px\" \/><\/div>\n<\/div>\n<div dir=\"auto\"><\/div>\n<div dir=\"auto\"><\/div>\n","protected":false},"excerpt":{"rendered":"<p>Na sequ\u00eancia das candidaturas ao VIII Pr\u00e9mio Jorge Paiva 2024, pelos alunos do 7\u00ba A e da Educa\u00e7\u00e3o Pr\u00e9-Escolar e 1\u00ba Ciclo de todo o Agrupamento, no dia 29 de maio de 2024, um grupo de alunos representante dos restantes&hellip; <\/p>\n","protected":false},"author":2,"featured_media":0,"comment_status":"closed","ping_status":"closed","sticky":false,"template":"","format":"standard","meta":{"footnotes":""},"categories":[1],"tags":[],"class_list":["post-5533","post","type-post","status-publish","format-standard","hentry","category-noticias"],"_links":{"self":[{"href":"https:\/\/www.aegois.com\/site\/wp-json\/wp\/v2\/posts\/5533","targetHints":{"allow":["GET"]}}],"collection":[{"href":"https:\/\/www.aegois.com\/site\/wp-json\/wp\/v2\/posts"}],"about":[{"href":"https:\/\/www.aegois.com\/site\/wp-json\/wp\/v2\/types\/post"}],"author":[{"embeddable":true,"href":"https:\/\/www.aegois.com\/site\/wp-json\/wp\/v2\/users\/2"}],"replies":[{"embeddable":true,"href":"https:\/\/www.aegois.com\/site\/wp-json\/wp\/v2\/comments?post=5533"}],"version-history":[{"count":1,"href":"https:\/\/www.aegois.com\/site\/wp-json\/wp\/v2\/posts\/5533\/revisions"}],"predecessor-version":[{"id":5536,"href":"https:\/\/www.aegois.com\/site\/wp-json\/wp\/v2\/posts\/5533\/revisions\/5536"}],"wp:attachment":[{"href":"https:\/\/www.aegois.com\/site\/wp-json\/wp\/v2\/media?parent=5533"}],"wp:term":[{"taxonomy":"category","embeddable":true,"href":"https:\/\/www.aegois.com\/site\/wp-json\/wp\/v2\/categories?post=5533"},{"taxonomy":"post_tag","embeddable":true,"href":"https:\/\/www.aegois.com\/site\/wp-json\/wp\/v2\/tags?post=5533"}],"curies":[{"name":"wp","href":"https:\/\/api.w.org\/{rel}","templated":true}]}}