{"id":5809,"date":"2025-02-20T23:09:07","date_gmt":"2025-02-20T23:09:07","guid":{"rendered":"https:\/\/www.aegois.com\/site\/?p=5809"},"modified":"2025-02-20T23:09:07","modified_gmt":"2025-02-20T23:09:07","slug":"desfile-de-carnaval-28-de-fevereiro-de-2025","status":"publish","type":"post","link":"https:\/\/www.aegois.com\/site\/desfile-de-carnaval-28-de-fevereiro-de-2025\/","title":{"rendered":"DESFILE DE CARNAVAL &#8211; 28 DE FEVEREIRO DE 2025"},"content":{"rendered":"<div class=\"xdj266r x11i5rnm xat24cr x1mh8g0r x1vvkbs x126k92a\">\n<div dir=\"auto\"><span style=\"font-size: 14px;\">A Dire\u00e7\u00e3o do Agrupamento, em nome da Comunidade Escolar, informa que de acordo com o previsto no Plano Anual de Atividades, ir\u00e1 realizar no dia 28 de fevereiro de 2025 (sexta-feira), pelas 10h15m, o tradicional Desfile de Carnaval. A concentra\u00e7\u00e3o realizar-se-\u00e1 na Escola B\u00e1sica de G\u00f3is, seguindo-se o percurso pelas principais ruas da vila de G\u00f3is. Ap\u00f3s o Desfile, realizar-se-\u00e1, no recinto escolar, a demonstra\u00e7\u00e3o do Rancho Folcl\u00f3rico Mensageiros da Alegria para toda a Comunidade.<\/span><\/div>\n<\/div>\n<div class=\"x11i5rnm xat24cr x1mh8g0r x1vvkbs xtlvy1s x126k92a\">\n<div dir=\"auto\">Pelas 14h, na Escola sede do Agrupamento haver\u00e1 concurso de m\u00e1scaras, baile de Carnaval e lanche partilhado, pelo que se solicitou ao Polo de Arganil, do Conservat\u00f3rio de Coimbra, dispensa dos alunos do Agrupamento de Escolas de G\u00f3is, a fim de os mesmos poderem participar nas atividades da Escola, no per\u00edodo da tarde (o pedido foi autorizado pelo Polo de Arganil).<\/div>\n<div dir=\"auto\">Em rela\u00e7\u00e3o \u00e0s Escolas de Alvares e Vila Nova do Ceira, as crian\u00e7as e adultos desfilar\u00e3o pelas respetivas localidades, no per\u00edodo da tarde.<\/div>\n<div dir=\"auto\">Face ao exposto, temos todo o gosto em convidar V. Exa a assistir\/participar no \u201cDesfile de Carnaval\u201d, atividade emblem\u00e1tica do Plano Anual de Atividades do nosso Agrupamento, que pretende promover o conv\u00edvio e a alegria entre todos os elementos da Comunidade Educativa e da popula\u00e7\u00e3o em geral, bem como nas atividades da tarde.<\/div>\n<div dir=\"auto\">Certos da vossa colabora\u00e7\u00e3o, agradecemos desde j\u00e1 a aten\u00e7\u00e3o e disponibilidade.<\/div>\n<div dir=\"auto\">Com os melhores cumprimentos.<\/div>\n<div dir=\"auto\">A Diretora do Agrupamento: Cristina Maria dos Santos Martins<\/div>\n<div dir=\"auto\"><img loading=\"lazy\" decoding=\"async\" class=\"alignnone  wp-image-5810\" src=\"https:\/\/www.aegois.com\/site\/wp-content\/uploads\/2025\/02\/1-212x300.jpg\" alt=\"\" width=\"505\" height=\"715\" srcset=\"https:\/\/www.aegois.com\/site\/wp-content\/uploads\/2025\/02\/1-212x300.jpg 212w, https:\/\/www.aegois.com\/site\/wp-content\/uploads\/2025\/02\/1-1087x1536.jpg 1087w, https:\/\/www.aegois.com\/site\/wp-content\/uploads\/2025\/02\/1.jpg 1449w\" sizes=\"auto, (max-width: 505px) 100vw, 505px\" \/><\/div>\n<\/div>\n","protected":false},"excerpt":{"rendered":"<p>A Dire\u00e7\u00e3o do Agrupamento, em nome da Comunidade Escolar, informa que de acordo com o previsto no Plano Anual de Atividades, ir\u00e1 realizar no dia 28 de fevereiro de 2025 (sexta-feira), pelas 10h15m, o tradicional Desfile de Carnaval. A concentra\u00e7\u00e3o&hellip; <\/p>\n","protected":false},"author":2,"featured_media":0,"comment_status":"closed","ping_status":"closed","sticky":false,"template":"","format":"standard","meta":{"footnotes":""},"categories":[1],"tags":[],"class_list":["post-5809","post","type-post","status-publish","format-standard","hentry","category-noticias"],"_links":{"self":[{"href":"https:\/\/www.aegois.com\/site\/wp-json\/wp\/v2\/posts\/5809","targetHints":{"allow":["GET"]}}],"collection":[{"href":"https:\/\/www.aegois.com\/site\/wp-json\/wp\/v2\/posts"}],"about":[{"href":"https:\/\/www.aegois.com\/site\/wp-json\/wp\/v2\/types\/post"}],"author":[{"embeddable":true,"href":"https:\/\/www.aegois.com\/site\/wp-json\/wp\/v2\/users\/2"}],"replies":[{"embeddable":true,"href":"https:\/\/www.aegois.com\/site\/wp-json\/wp\/v2\/comments?post=5809"}],"version-history":[{"count":1,"href":"https:\/\/www.aegois.com\/site\/wp-json\/wp\/v2\/posts\/5809\/revisions"}],"predecessor-version":[{"id":5811,"href":"https:\/\/www.aegois.com\/site\/wp-json\/wp\/v2\/posts\/5809\/revisions\/5811"}],"wp:attachment":[{"href":"https:\/\/www.aegois.com\/site\/wp-json\/wp\/v2\/media?parent=5809"}],"wp:term":[{"taxonomy":"category","embeddable":true,"href":"https:\/\/www.aegois.com\/site\/wp-json\/wp\/v2\/categories?post=5809"},{"taxonomy":"post_tag","embeddable":true,"href":"https:\/\/www.aegois.com\/site\/wp-json\/wp\/v2\/tags?post=5809"}],"curies":[{"name":"wp","href":"https:\/\/api.w.org\/{rel}","templated":true}]}}