{"id":5812,"date":"2025-02-21T00:00:35","date_gmt":"2025-02-21T00:00:35","guid":{"rendered":"https:\/\/www.aegois.com\/site\/?p=5812"},"modified":"2025-02-21T00:19:15","modified_gmt":"2025-02-21T00:19:15","slug":"greve-nacional-das-carreiras-gerais-26-27-e-28-de-fevereiro-de-2025","status":"publish","type":"post","link":"https:\/\/www.aegois.com\/site\/greve-nacional-das-carreiras-gerais-26-27-e-28-de-fevereiro-de-2025\/","title":{"rendered":"GREVE NACIONAL DAS CARREIRAS GERAIS \u2013 26, 27 e 28 de FEVEREIRO DE 2025."},"content":{"rendered":"<div class=\"xdj266r x11i5rnm xat24cr x1mh8g0r x1vvkbs x126k92a\">\n<div dir=\"auto\"><span style=\"font-size: 14px;\">Informa-se a comunidade educativa que est\u00e1 convocada uma greve nacional da Federa\u00e7\u00e3o Nacional dos Sindicatos dos Trabalhadores em Fun\u00e7\u00f5es P\u00fablicas e Sociais para os dias 26, 27 e 28 de fevereiro de 2025, cada um deles dirigido a uma das carreiras:<\/span><\/div>\n<\/div>\n<div class=\"x11i5rnm xat24cr x1mh8g0r x1vvkbs xtlvy1s x126k92a\">\n<div dir=\"auto\">&#8211; 26 de Fevereiro \u2013 T\u00e9cnicos Superiores<\/div>\n<div dir=\"auto\">&#8211; 27 de Fevereiro \u2013 Assistentes T\u00e9cnicos<\/div>\n<div dir=\"auto\">&#8211; 28 de Fevereiro \u2013 Assistentes Operacionais.<\/div>\n<div dir=\"auto\">Neste contexto, poder\u00e1 n\u00e3o ser poss\u00edvel assegurar o normal funcionamento dos estabelecimentos de ensino do Agrupamento de Escolas de G\u00f3is, nos referidos dias.<\/div>\n<div dir=\"auto\"><\/div>\n<div dir=\"auto\">Atenciosamente, subscrevemo-nos com os melhores cumprimentos.<\/div>\n<div dir=\"auto\"><\/div>\n<div dir=\"auto\">G\u00f3is, 19 de fevereiro de 2025<\/div>\n<div dir=\"auto\">A Diretora do Agrupamento: Cristina Maria dos Santos Martins<\/div>\n<div dir=\"auto\"><\/div>\n<div dir=\"auto\">Divulgamos os pr\u00e9-avisos de greve e cartazes.<\/div>\n<div dir=\"auto\"><\/div>\n<div dir=\"auto\"><strong><a href=\"https:\/\/www.aegois.com\/site\/wp-content\/uploads\/2025\/02\/20250124_comunicado_carreiras_gerais_byM.pdf\">CARTAZ &#8211; Comunicado carreiras gerais<\/a><\/strong><\/div>\n<div dir=\"auto\"><strong><a href=\"https:\/\/www.aegois.com\/site\/wp-content\/uploads\/2025\/02\/20250226_AvPrevGreve_TecSup.pdf\">2025-02-26- AVISO Pr\u00e9vio de Greve &#8211; T\u00e9cnico Superior<\/a><\/strong><\/div>\n<div dir=\"auto\"><strong><a href=\"https:\/\/www.aegois.com\/site\/wp-content\/uploads\/2025\/02\/20250227_AvPrevGreve_Assist_Tecnicos.pdf\">2025-02-27 &#8211; AVISO Pr\u00e9vio de Greve &#8211; Assistentes T\u00e9cnicos<\/a><\/strong><\/div>\n<div dir=\"auto\"><strong><a href=\"https:\/\/www.aegois.com\/site\/wp-content\/uploads\/2025\/02\/20250228_AvPrevGReve_AssOperacionais.pdf\">2025-02-28 &#8211; Aviso Pr\u00e9vio de Greve do Assistentes Operacionais<\/a><\/strong><\/div>\n<\/div>\n","protected":false},"excerpt":{"rendered":"<p>Informa-se a comunidade educativa que est\u00e1 convocada uma greve nacional da Federa\u00e7\u00e3o Nacional dos Sindicatos dos Trabalhadores em Fun\u00e7\u00f5es P\u00fablicas e Sociais para os dias 26, 27 e 28 de fevereiro de 2025, cada um deles dirigido a uma das&hellip; <\/p>\n","protected":false},"author":2,"featured_media":0,"comment_status":"closed","ping_status":"closed","sticky":false,"template":"","format":"standard","meta":{"footnotes":""},"categories":[1],"tags":[],"class_list":["post-5812","post","type-post","status-publish","format-standard","hentry","category-noticias"],"_links":{"self":[{"href":"https:\/\/www.aegois.com\/site\/wp-json\/wp\/v2\/posts\/5812","targetHints":{"allow":["GET"]}}],"collection":[{"href":"https:\/\/www.aegois.com\/site\/wp-json\/wp\/v2\/posts"}],"about":[{"href":"https:\/\/www.aegois.com\/site\/wp-json\/wp\/v2\/types\/post"}],"author":[{"embeddable":true,"href":"https:\/\/www.aegois.com\/site\/wp-json\/wp\/v2\/users\/2"}],"replies":[{"embeddable":true,"href":"https:\/\/www.aegois.com\/site\/wp-json\/wp\/v2\/comments?post=5812"}],"version-history":[{"count":1,"href":"https:\/\/www.aegois.com\/site\/wp-json\/wp\/v2\/posts\/5812\/revisions"}],"predecessor-version":[{"id":5817,"href":"https:\/\/www.aegois.com\/site\/wp-json\/wp\/v2\/posts\/5812\/revisions\/5817"}],"wp:attachment":[{"href":"https:\/\/www.aegois.com\/site\/wp-json\/wp\/v2\/media?parent=5812"}],"wp:term":[{"taxonomy":"category","embeddable":true,"href":"https:\/\/www.aegois.com\/site\/wp-json\/wp\/v2\/categories?post=5812"},{"taxonomy":"post_tag","embeddable":true,"href":"https:\/\/www.aegois.com\/site\/wp-json\/wp\/v2\/tags?post=5812"}],"curies":[{"name":"wp","href":"https:\/\/api.w.org\/{rel}","templated":true}]}}