{"id":5824,"date":"2025-03-05T15:43:49","date_gmt":"2025-03-05T15:43:49","guid":{"rendered":"https:\/\/www.aegois.com\/site\/?p=5824"},"modified":"2025-03-05T15:45:40","modified_gmt":"2025-03-05T15:45:40","slug":"divulgacao-8","status":"publish","type":"post","link":"https:\/\/www.aegois.com\/site\/divulgacao-8\/","title":{"rendered":"DIVULGA\u00c7\u00c3O:"},"content":{"rendered":"<p dir=\"ltr\">ESCOLA ART\u00cdSTICA DO CONSERVAT\u00d3RIO DE M\u00daSICA DE COIMBRA (EACMC)\u00a0 \u2013 POLO DE ARGANIL<\/p>\n<p dir=\"ltr\">ANO LETIVO 2025\/2026<\/p>\n<p dir=\"ltr\">Est\u00e3o abertas as candidaturas para a frequ\u00eancia do Ensino Art\u00edstico Especializado no Polo Educativo de Arganil da Escola Art\u00edstica do Conservat\u00f3rio de M\u00fasica de Coimbra.<\/p>\n<p dir=\"ltr\">CURSOS E REGIMES:<\/p>\n<p dir=\"ltr\">Inicia\u00e7\u00e3o: Alunos do 2\u00ba ao 4\u00ba ano\u00a0de escolaridade.<\/p>\n<p dir=\"ltr\">B\u00e1sico: Alunos do 5\u00ba ao 9\u00ba ano\u00a0de escolaridade, em\u00a0\u00a0Regime Articulado\u00a0com o Agrupamento de Escolas de Arganil, ou em\u00a0Regime Supletivo.<\/p>\n<p dir=\"ltr\">INSCRI\u00c7\u00d5ES:<\/p>\n<p dir=\"ltr\">Preenchimento de formul\u00e1rio no\u00a0site\u00a0da EACMC:\u00a0<a href=\"https:\/\/conservatoriomcoimbra.pt\/\" target=\"_blank\" rel=\"noopener\" data-saferedirecturl=\"https:\/\/www.google.com\/url?q=https:\/\/conservatoriomcoimbra.pt\/&amp;source=gmail&amp;ust=1741268333994000&amp;usg=AOvVaw1u38AhczWCE_Hyih7F6HUS\">https:\/\/conservatoriomcoimbra.<wbr \/>pt\/<\/a><\/p>\n<p dir=\"ltr\">Prazo de Inscri\u00e7\u00e3o:\u00a03 a 31 de mar\u00e7o de 2025<\/p>\n<p dir=\"ltr\">PROVAS DE SELE\u00c7\u00c3O:<\/p>\n<p dir=\"ltr\">5 a 31 de maio de 2025<\/p>\n<p dir=\"ltr\">DIA ABERTO | Demonstra\u00e7\u00e3o e Experimenta\u00e7\u00e3o de Instrumentos e Sess\u00e3o de Esclarecimento<\/p>\n<p dir=\"ltr\">12 de mar\u00e7o de 2025 | 18:00 | EB 23 de Arganil<\/p>\n<p dir=\"ltr\">MAIS INFORMA\u00c7\u00d5ES:<\/p>\n<p dir=\"ltr\"><a href=\"mailto:polo.arganil@eacmcoimbra.com\" target=\"_blank\" rel=\"noopener\">polo.arganil@eacmcoimbra.com<\/a><\/p>\n<p dir=\"ltr\"><img loading=\"lazy\" decoding=\"async\" class=\"alignnone wp-image-5825\" src=\"https:\/\/www.aegois.com\/site\/wp-content\/uploads\/2025\/03\/Polo-de-Arganil-Candidaturas-2025_2026-Cartaz-212x300.jpg\" alt=\"\" width=\"312\" height=\"442\" srcset=\"https:\/\/www.aegois.com\/site\/wp-content\/uploads\/2025\/03\/Polo-de-Arganil-Candidaturas-2025_2026-Cartaz-212x300.jpg 212w, https:\/\/www.aegois.com\/site\/wp-content\/uploads\/2025\/03\/Polo-de-Arganil-Candidaturas-2025_2026-Cartaz-724x1024.jpg 724w, https:\/\/www.aegois.com\/site\/wp-content\/uploads\/2025\/03\/Polo-de-Arganil-Candidaturas-2025_2026-Cartaz-768x1086.jpg 768w, https:\/\/www.aegois.com\/site\/wp-content\/uploads\/2025\/03\/Polo-de-Arganil-Candidaturas-2025_2026-Cartaz-1086x1536.jpg 1086w, https:\/\/www.aegois.com\/site\/wp-content\/uploads\/2025\/03\/Polo-de-Arganil-Candidaturas-2025_2026-Cartaz.jpg 1414w\" sizes=\"auto, (max-width: 312px) 100vw, 312px\" \/><\/p>\n","protected":false},"excerpt":{"rendered":"<p>ESCOLA ART\u00cdSTICA DO CONSERVAT\u00d3RIO DE M\u00daSICA DE COIMBRA (EACMC)\u00a0 \u2013 POLO DE ARGANIL ANO LETIVO 2025\/2026 Est\u00e3o abertas as candidaturas para a frequ\u00eancia do Ensino Art\u00edstico Especializado no Polo Educativo de Arganil da Escola Art\u00edstica do Conservat\u00f3rio de M\u00fasica de&hellip; <\/p>\n","protected":false},"author":2,"featured_media":0,"comment_status":"closed","ping_status":"closed","sticky":false,"template":"","format":"standard","meta":{"footnotes":""},"categories":[1],"tags":[],"class_list":["post-5824","post","type-post","status-publish","format-standard","hentry","category-noticias"],"_links":{"self":[{"href":"https:\/\/www.aegois.com\/site\/wp-json\/wp\/v2\/posts\/5824","targetHints":{"allow":["GET"]}}],"collection":[{"href":"https:\/\/www.aegois.com\/site\/wp-json\/wp\/v2\/posts"}],"about":[{"href":"https:\/\/www.aegois.com\/site\/wp-json\/wp\/v2\/types\/post"}],"author":[{"embeddable":true,"href":"https:\/\/www.aegois.com\/site\/wp-json\/wp\/v2\/users\/2"}],"replies":[{"embeddable":true,"href":"https:\/\/www.aegois.com\/site\/wp-json\/wp\/v2\/comments?post=5824"}],"version-history":[{"count":2,"href":"https:\/\/www.aegois.com\/site\/wp-json\/wp\/v2\/posts\/5824\/revisions"}],"predecessor-version":[{"id":5827,"href":"https:\/\/www.aegois.com\/site\/wp-json\/wp\/v2\/posts\/5824\/revisions\/5827"}],"wp:attachment":[{"href":"https:\/\/www.aegois.com\/site\/wp-json\/wp\/v2\/media?parent=5824"}],"wp:term":[{"taxonomy":"category","embeddable":true,"href":"https:\/\/www.aegois.com\/site\/wp-json\/wp\/v2\/categories?post=5824"},{"taxonomy":"post_tag","embeddable":true,"href":"https:\/\/www.aegois.com\/site\/wp-json\/wp\/v2\/tags?post=5824"}],"curies":[{"name":"wp","href":"https:\/\/api.w.org\/{rel}","templated":true}]}}