{"id":5853,"date":"2025-04-15T09:30:39","date_gmt":"2025-04-15T08:30:39","guid":{"rendered":"https:\/\/www.aegois.com\/site\/?p=5853"},"modified":"2025-04-15T09:31:08","modified_gmt":"2025-04-15T08:31:08","slug":"campanha-de-recolha-de-alimentos-e-outros-bens-para-os-animais-acolhidos-pela-associacao-de-protecao-animal-2-maos-4-patas","status":"publish","type":"post","link":"https:\/\/www.aegois.com\/site\/campanha-de-recolha-de-alimentos-e-outros-bens-para-os-animais-acolhidos-pela-associacao-de-protecao-animal-2-maos-4-patas\/","title":{"rendered":"Campanha de recolha de alimentos e outros bens para os animais acolhidos pela Associa\u00e7\u00e3o de Prote\u00e7\u00e3o Animal &#8211; \u201c2 M\u00e3os 4 Patas\u201d"},"content":{"rendered":"<div class=\"x11i5rnm xat24cr x1mh8g0r x1vvkbs xtlvy1s x126k92a\">\n<div dir=\"auto\">De acordo com o previsto no Plano de Atividades do Departamento de Educa\u00e7\u00e3o Pr\u00e9-Escolar e nas iniciativas planificadas no \u00e2mbito da Cidadania e Desenvolvimento, na tem\u00e1tica &#8220;Bem-estar animal\u201d, est\u00e1 a decorrer no Agrupamento de Escolas de G\u00f3is uma campanha de recolha de bens alimentares e outros produtos, a favor da Associa\u00e7\u00e3o de Prote\u00e7\u00e3o Animal &#8211; \u201c2 M\u00e3os 4 Patas\u201d, que acolhe c\u00e3es e gatos recolhidos\/ resgatados da rua.<\/div>\n<div dir=\"auto\">A campanha conta com a prestimosa colabora\u00e7\u00e3o das crian\u00e7as, fam\u00edlias, docentes e n\u00e3o docentes e todos\/as os elementos da Comunidade que se queiram associar \u00e0 a\u00e7\u00e3o dinamizada pelas crian\u00e7as dos grupos de Educa\u00e7\u00e3o Pr\u00e9-Escolar do A.E. G\u00f3is.<\/div>\n<div dir=\"auto\">A entrega dos produtos decorrer\u00e1 durante a manh\u00e3 do dia 13 de maio, dia em que os grupos de EPE de Anselmo dos Santos Ferreira (Alvares), G\u00f3is e Vila do Ceira se deslocar\u00e3o a Vila Nova de Poiares, para visitar as instala\u00e7\u00f5es da cl\u00ednica veterin\u00e1ria \u201cEsta\u00e7\u00e3o Animal\u201d e participar numa sess\u00e3o de sensibiliza\u00e7\u00e3o no \u00e2mbito dos cuidados a ter com os animais e a import\u00e2ncia da salvaguarda do \u201cBem-estar animal\u201d.<\/div>\n<div dir=\"auto\">O envolvimento de todos ser\u00e1 uma mais valia para o sucesso desta iniciativa, agradecemos antecipadamente a colabora\u00e7\u00e3o de todos\/as quantos direta ou indiretamente connosco colaborem.<\/div>\n<div dir=\"auto\">Relembramos que a Associa\u00e7\u00e3o \u201c2 M\u00e3os 4 Patas\u201d, tem ao seu cuidado animais para ado\u00e7\u00e3o respons\u00e1vel, pelo que os interessados podem\/devem consultar toda a informa\u00e7\u00e3o dispon\u00edvel na pagina e redes sociais da Associa\u00e7\u00e3o.<\/div>\n<div dir=\"auto\"><\/div>\n<\/div>\n<div class=\"x11i5rnm xat24cr x1mh8g0r x1vvkbs xtlvy1s x126k92a\">\n<div dir=\"auto\">As Docentes do Departamento de Educa\u00e7\u00e3o Pr\u00e9-Escolar do AEG<\/div>\n<div dir=\"auto\"><img loading=\"lazy\" decoding=\"async\" class=\"alignnone wp-image-5854\" src=\"https:\/\/www.aegois.com\/site\/wp-content\/uploads\/2025\/04\/CARTAZ-212x300.jpg\" alt=\"\" width=\"493\" height=\"697\" srcset=\"https:\/\/www.aegois.com\/site\/wp-content\/uploads\/2025\/04\/CARTAZ-212x300.jpg 212w, https:\/\/www.aegois.com\/site\/wp-content\/uploads\/2025\/04\/CARTAZ-725x1024.jpg 725w, https:\/\/www.aegois.com\/site\/wp-content\/uploads\/2025\/04\/CARTAZ-768x1085.jpg 768w, https:\/\/www.aegois.com\/site\/wp-content\/uploads\/2025\/04\/CARTAZ-1087x1536.jpg 1087w, https:\/\/www.aegois.com\/site\/wp-content\/uploads\/2025\/04\/CARTAZ-1449x2048.jpg 1449w, https:\/\/www.aegois.com\/site\/wp-content\/uploads\/2025\/04\/CARTAZ.jpg 1755w\" sizes=\"auto, (max-width: 493px) 100vw, 493px\" \/><\/div>\n<\/div>\n","protected":false},"excerpt":{"rendered":"<p>De acordo com o previsto no Plano de Atividades do Departamento de Educa\u00e7\u00e3o Pr\u00e9-Escolar e nas iniciativas planificadas no \u00e2mbito da Cidadania e Desenvolvimento, na tem\u00e1tica &#8220;Bem-estar animal\u201d, est\u00e1 a decorrer no Agrupamento de Escolas de G\u00f3is uma campanha de&hellip; <\/p>\n","protected":false},"author":2,"featured_media":0,"comment_status":"closed","ping_status":"closed","sticky":false,"template":"","format":"standard","meta":{"footnotes":""},"categories":[1],"tags":[],"class_list":["post-5853","post","type-post","status-publish","format-standard","hentry","category-noticias"],"_links":{"self":[{"href":"https:\/\/www.aegois.com\/site\/wp-json\/wp\/v2\/posts\/5853","targetHints":{"allow":["GET"]}}],"collection":[{"href":"https:\/\/www.aegois.com\/site\/wp-json\/wp\/v2\/posts"}],"about":[{"href":"https:\/\/www.aegois.com\/site\/wp-json\/wp\/v2\/types\/post"}],"author":[{"embeddable":true,"href":"https:\/\/www.aegois.com\/site\/wp-json\/wp\/v2\/users\/2"}],"replies":[{"embeddable":true,"href":"https:\/\/www.aegois.com\/site\/wp-json\/wp\/v2\/comments?post=5853"}],"version-history":[{"count":1,"href":"https:\/\/www.aegois.com\/site\/wp-json\/wp\/v2\/posts\/5853\/revisions"}],"predecessor-version":[{"id":5855,"href":"https:\/\/www.aegois.com\/site\/wp-json\/wp\/v2\/posts\/5853\/revisions\/5855"}],"wp:attachment":[{"href":"https:\/\/www.aegois.com\/site\/wp-json\/wp\/v2\/media?parent=5853"}],"wp:term":[{"taxonomy":"category","embeddable":true,"href":"https:\/\/www.aegois.com\/site\/wp-json\/wp\/v2\/categories?post=5853"},{"taxonomy":"post_tag","embeddable":true,"href":"https:\/\/www.aegois.com\/site\/wp-json\/wp\/v2\/tags?post=5853"}],"curies":[{"name":"wp","href":"https:\/\/api.w.org\/{rel}","templated":true}]}}