{"id":6100,"date":"2025-11-18T07:48:51","date_gmt":"2025-11-18T07:48:51","guid":{"rendered":"https:\/\/www.aegois.com\/site\/?p=6100"},"modified":"2025-11-18T07:49:29","modified_gmt":"2025-11-18T07:49:29","slug":"greve-nos-dias-21-de-novembro-de-2025","status":"publish","type":"post","link":"https:\/\/www.aegois.com\/site\/greve-nos-dias-21-de-novembro-de-2025\/","title":{"rendered":"Greve no dia 21 de novembro de 2025."},"content":{"rendered":"<p>Informa-se a comunidade educativa que est\u00e1 convocada uma greve pela Federa\u00e7\u00e3o Nacional dos Sindicatos Independentes da administra\u00e7\u00e3o P\u00fablica e de Entidades com Fins P\u00fablicos (FESINAP) para o dia 21 de novembro de 2025.<\/p>\n<p>Neste contexto, poder\u00e1 n\u00e3o ser poss\u00edvel assegurar o normal funcionamento dos estabelecimentos de ensino do Agrupamento de Escolas de G\u00f3is.<\/p>\n<p>Atenciosamente, subscrevo-me com os melhores cumprimentos.<\/p>\n<p>G\u00f3is, 17 de novembro de 2025<\/p>\n<p>A Diretora do Agrupamento: Cristina Maria dos Santos Martins<\/p>\n<p><a href=\"https:\/\/www.aegois.com\/site\/wp-content\/uploads\/2025\/11\/FESINAP_aviso_greve_2021_11_21.pdf\">FESINAP_aviso_greve_2025_11_21<\/a><\/p>\n<p><img loading=\"lazy\" decoding=\"async\" class=\"alignnone wp-image-6101\" src=\"https:\/\/www.aegois.com\/site\/wp-content\/uploads\/2025\/11\/FESINAP_aviso_greve_2021_11_21_page-0001-212x300.jpg\" alt=\"\" width=\"458\" height=\"648\" srcset=\"https:\/\/www.aegois.com\/site\/wp-content\/uploads\/2025\/11\/FESINAP_aviso_greve_2021_11_21_page-0001-212x300.jpg 212w, https:\/\/www.aegois.com\/site\/wp-content\/uploads\/2025\/11\/FESINAP_aviso_greve_2021_11_21_page-0001-724x1024.jpg 724w, https:\/\/www.aegois.com\/site\/wp-content\/uploads\/2025\/11\/FESINAP_aviso_greve_2021_11_21_page-0001-768x1087.jpg 768w, https:\/\/www.aegois.com\/site\/wp-content\/uploads\/2025\/11\/FESINAP_aviso_greve_2021_11_21_page-0001-1085x1536.jpg 1085w, https:\/\/www.aegois.com\/site\/wp-content\/uploads\/2025\/11\/FESINAP_aviso_greve_2021_11_21_page-0001.jpg 1240w\" sizes=\"auto, (max-width: 458px) 100vw, 458px\" \/><\/p>\n<p><img loading=\"lazy\" decoding=\"async\" class=\"alignnone wp-image-6102\" src=\"https:\/\/www.aegois.com\/site\/wp-content\/uploads\/2025\/11\/FESINAP_aviso_greve_2021_11_21_page-0002-212x300.jpg\" alt=\"\" width=\"483\" height=\"683\" srcset=\"https:\/\/www.aegois.com\/site\/wp-content\/uploads\/2025\/11\/FESINAP_aviso_greve_2021_11_21_page-0002-212x300.jpg 212w, https:\/\/www.aegois.com\/site\/wp-content\/uploads\/2025\/11\/FESINAP_aviso_greve_2021_11_21_page-0002-724x1024.jpg 724w, https:\/\/www.aegois.com\/site\/wp-content\/uploads\/2025\/11\/FESINAP_aviso_greve_2021_11_21_page-0002-768x1087.jpg 768w, https:\/\/www.aegois.com\/site\/wp-content\/uploads\/2025\/11\/FESINAP_aviso_greve_2021_11_21_page-0002-1085x1536.jpg 1085w, https:\/\/www.aegois.com\/site\/wp-content\/uploads\/2025\/11\/FESINAP_aviso_greve_2021_11_21_page-0002.jpg 1240w\" sizes=\"auto, (max-width: 483px) 100vw, 483px\" \/><\/p>\n<p><img loading=\"lazy\" decoding=\"async\" class=\"alignnone wp-image-6103\" src=\"https:\/\/www.aegois.com\/site\/wp-content\/uploads\/2025\/11\/FESINAP_aviso_greve_2021_11_21_page-0003-212x300.jpg\" alt=\"\" width=\"478\" height=\"676\" srcset=\"https:\/\/www.aegois.com\/site\/wp-content\/uploads\/2025\/11\/FESINAP_aviso_greve_2021_11_21_page-0003-212x300.jpg 212w, https:\/\/www.aegois.com\/site\/wp-content\/uploads\/2025\/11\/FESINAP_aviso_greve_2021_11_21_page-0003-724x1024.jpg 724w, https:\/\/www.aegois.com\/site\/wp-content\/uploads\/2025\/11\/FESINAP_aviso_greve_2021_11_21_page-0003-768x1087.jpg 768w, https:\/\/www.aegois.com\/site\/wp-content\/uploads\/2025\/11\/FESINAP_aviso_greve_2021_11_21_page-0003-1085x1536.jpg 1085w, https:\/\/www.aegois.com\/site\/wp-content\/uploads\/2025\/11\/FESINAP_aviso_greve_2021_11_21_page-0003.jpg 1240w\" sizes=\"auto, (max-width: 478px) 100vw, 478px\" \/><\/p>\n<p><img loading=\"lazy\" decoding=\"async\" class=\"alignnone wp-image-6104\" src=\"https:\/\/www.aegois.com\/site\/wp-content\/uploads\/2025\/11\/FESINAP_aviso_greve_2021_11_21_page-0004-212x300.jpg\" alt=\"\" width=\"493\" height=\"698\" srcset=\"https:\/\/www.aegois.com\/site\/wp-content\/uploads\/2025\/11\/FESINAP_aviso_greve_2021_11_21_page-0004-212x300.jpg 212w, https:\/\/www.aegois.com\/site\/wp-content\/uploads\/2025\/11\/FESINAP_aviso_greve_2021_11_21_page-0004-724x1024.jpg 724w, https:\/\/www.aegois.com\/site\/wp-content\/uploads\/2025\/11\/FESINAP_aviso_greve_2021_11_21_page-0004-768x1087.jpg 768w, https:\/\/www.aegois.com\/site\/wp-content\/uploads\/2025\/11\/FESINAP_aviso_greve_2021_11_21_page-0004-1085x1536.jpg 1085w, https:\/\/www.aegois.com\/site\/wp-content\/uploads\/2025\/11\/FESINAP_aviso_greve_2021_11_21_page-0004.jpg 1240w\" sizes=\"auto, (max-width: 493px) 100vw, 493px\" \/><\/p>\n","protected":false},"excerpt":{"rendered":"<p>Informa-se a comunidade educativa que est\u00e1 convocada uma greve pela Federa\u00e7\u00e3o Nacional dos Sindicatos Independentes da administra\u00e7\u00e3o P\u00fablica e de Entidades com Fins P\u00fablicos (FESINAP) para o dia 21 de novembro de 2025. Neste contexto, poder\u00e1 n\u00e3o ser poss\u00edvel assegurar&hellip; <\/p>\n","protected":false},"author":2,"featured_media":0,"comment_status":"closed","ping_status":"closed","sticky":false,"template":"","format":"standard","meta":{"footnotes":""},"categories":[1],"tags":[],"class_list":["post-6100","post","type-post","status-publish","format-standard","hentry","category-noticias"],"_links":{"self":[{"href":"https:\/\/www.aegois.com\/site\/wp-json\/wp\/v2\/posts\/6100","targetHints":{"allow":["GET"]}}],"collection":[{"href":"https:\/\/www.aegois.com\/site\/wp-json\/wp\/v2\/posts"}],"about":[{"href":"https:\/\/www.aegois.com\/site\/wp-json\/wp\/v2\/types\/post"}],"author":[{"embeddable":true,"href":"https:\/\/www.aegois.com\/site\/wp-json\/wp\/v2\/users\/2"}],"replies":[{"embeddable":true,"href":"https:\/\/www.aegois.com\/site\/wp-json\/wp\/v2\/comments?post=6100"}],"version-history":[{"count":2,"href":"https:\/\/www.aegois.com\/site\/wp-json\/wp\/v2\/posts\/6100\/revisions"}],"predecessor-version":[{"id":6107,"href":"https:\/\/www.aegois.com\/site\/wp-json\/wp\/v2\/posts\/6100\/revisions\/6107"}],"wp:attachment":[{"href":"https:\/\/www.aegois.com\/site\/wp-json\/wp\/v2\/media?parent=6100"}],"wp:term":[{"taxonomy":"category","embeddable":true,"href":"https:\/\/www.aegois.com\/site\/wp-json\/wp\/v2\/categories?post=6100"},{"taxonomy":"post_tag","embeddable":true,"href":"https:\/\/www.aegois.com\/site\/wp-json\/wp\/v2\/tags?post=6100"}],"curies":[{"name":"wp","href":"https:\/\/api.w.org\/{rel}","templated":true}]}}