{"id":6108,"date":"2025-12-06T07:49:48","date_gmt":"2025-12-06T07:49:48","guid":{"rendered":"https:\/\/www.aegois.com\/site\/?p=6108"},"modified":"2025-12-06T21:21:46","modified_gmt":"2025-12-06T21:21:46","slug":"divulgacao-aos-encarregados-de-educacao-transportes-em-dias-de-greve-informacao-do-municipio-para-relembrar-a-informacao-divulgada-em-22-10-2025","status":"publish","type":"post","link":"https:\/\/www.aegois.com\/site\/divulgacao-aos-encarregados-de-educacao-transportes-em-dias-de-greve-informacao-do-municipio-para-relembrar-a-informacao-divulgada-em-22-10-2025\/","title":{"rendered":"DIVULGA\u00c7\u00c3O AOS ENCARREGADOS DE EDUCA\u00c7\u00c3O &#8211; TRANSPORTES EM DIAS DE GREVE &#8211; INFORMA\u00c7\u00c3O DO MUNIC\u00cdPIO &#8211; PARA RELEMBRAR A INFORMA\u00c7\u00c3O DIVULGADA EM 22-10-2025"},"content":{"rendered":"<div class=\"xdj266r x14z9mp xat24cr x1lziwak x1vvkbs x126k92a\">\n<div dir=\"auto\"><\/div>\n<\/div>\n<div class=\"x14z9mp xat24cr x1lziwak x1vvkbs xtlvy1s x126k92a\">\n<div dir=\"auto\">\u00abExma. Senhora<\/div>\n<div dir=\"auto\">Dra. Cristina Martins<\/div>\n<div dir=\"auto\">Diretora do Agrupamento de Escolas de G\u00f3is<\/div>\n<div dir=\"auto\">Na sequ\u00eancia da greve prevista para os pr\u00f3ximos dias 23 e 24 de outubro, informamos que foi contactada a CIM-RC, atual concession\u00e1ria da rede de transportes p\u00fablicos de passageiros, com o objetivo de averiguar a possibilidade de garantir o habitual transporte de regresso dos alunos, caso a escola se encontre encerrada.<\/div>\n<div dir=\"auto\">Contudo, fomos informados de que n\u00e3o ser\u00e1 poss\u00edvel assegurar esse servi\u00e7o excecional, mantendo-se apenas os hor\u00e1rios e circuitos regulares da rede de transportes.<\/div>\n<div dir=\"auto\">Assim, solicitamos que esta informa\u00e7\u00e3o seja comunicada aos Encarregados de Educa\u00e7\u00e3o, alertando para o facto de que, caso os alunos utilizem o transporte da manh\u00e3 e a escola esteja encerrada devido \u00e0 greve, n\u00e3o ter\u00e3o transporte dispon\u00edvel para o regresso imediato a casa.<\/div>\n<div dir=\"auto\">Com os melhores cumprimentos,<\/div>\n<div dir=\"auto\">Luciana Dias<\/div>\n<div dir=\"auto\">T\u00e9cnica Superior\u00bb<\/div>\n<\/div>\n","protected":false},"excerpt":{"rendered":"<p>\u00abExma. Senhora Dra. Cristina Martins Diretora do Agrupamento de Escolas de G\u00f3is Na sequ\u00eancia da greve prevista para os pr\u00f3ximos dias 23 e 24 de outubro, informamos que foi contactada a CIM-RC, atual concession\u00e1ria da rede de transportes p\u00fablicos de&hellip; <\/p>\n","protected":false},"author":2,"featured_media":0,"comment_status":"closed","ping_status":"closed","sticky":false,"template":"","format":"standard","meta":{"footnotes":""},"categories":[1],"tags":[],"class_list":["post-6108","post","type-post","status-publish","format-standard","hentry","category-noticias"],"_links":{"self":[{"href":"https:\/\/www.aegois.com\/site\/wp-json\/wp\/v2\/posts\/6108","targetHints":{"allow":["GET"]}}],"collection":[{"href":"https:\/\/www.aegois.com\/site\/wp-json\/wp\/v2\/posts"}],"about":[{"href":"https:\/\/www.aegois.com\/site\/wp-json\/wp\/v2\/types\/post"}],"author":[{"embeddable":true,"href":"https:\/\/www.aegois.com\/site\/wp-json\/wp\/v2\/users\/2"}],"replies":[{"embeddable":true,"href":"https:\/\/www.aegois.com\/site\/wp-json\/wp\/v2\/comments?post=6108"}],"version-history":[{"count":1,"href":"https:\/\/www.aegois.com\/site\/wp-json\/wp\/v2\/posts\/6108\/revisions"}],"predecessor-version":[{"id":6109,"href":"https:\/\/www.aegois.com\/site\/wp-json\/wp\/v2\/posts\/6108\/revisions\/6109"}],"wp:attachment":[{"href":"https:\/\/www.aegois.com\/site\/wp-json\/wp\/v2\/media?parent=6108"}],"wp:term":[{"taxonomy":"category","embeddable":true,"href":"https:\/\/www.aegois.com\/site\/wp-json\/wp\/v2\/categories?post=6108"},{"taxonomy":"post_tag","embeddable":true,"href":"https:\/\/www.aegois.com\/site\/wp-json\/wp\/v2\/tags?post=6108"}],"curies":[{"name":"wp","href":"https:\/\/api.w.org\/{rel}","templated":true}]}}