{"id":6209,"date":"2025-12-06T21:13:19","date_gmt":"2025-12-06T21:13:19","guid":{"rendered":"https:\/\/www.aegois.com\/site\/?p=6209"},"modified":"2025-12-06T21:20:45","modified_gmt":"2025-12-06T21:20:45","slug":"pre-aviso-de-greve-para-11-e-12-de-dezembro-de-2025","status":"publish","type":"post","link":"https:\/\/www.aegois.com\/site\/pre-aviso-de-greve-para-11-e-12-de-dezembro-de-2025\/","title":{"rendered":"Pr\u00e9-Aviso de Greve para 11 e 12 de dezembro de 2025"},"content":{"rendered":"<p>Informa-se a comunidade educativa que para os dias:<\/p>\n<ul>\n<li><strong>11 de dezembro<\/strong>, est\u00e1 convocada uma <strong>greve Geral<\/strong> pela Federa\u00e7\u00e3o Nacional dos Sindicatos Independentes da administra\u00e7\u00e3o P\u00fablica e de Entidades com Fins P\u00fablicos (FESINAP), bem como pela Confedera\u00e7\u00e3o Geral dos Trabalhadores Portugueses (CGTP) e Uni\u00e3o Geral de Trabalhadores (UGT), \u00e0 qual se associaram diversos Sindicatos (Fenprof, FNE, STOP\u2026), em resposta ao anteprojeto de lei \u2018Trabalho XXI\u2019 da reforma da legisla\u00e7\u00e3o laboral apresentado pelo Governo.<\/li>\n<li><strong>11 e 12 de dezembro<\/strong>, est\u00e1 convocada uma greve pelo<strong> Sitopas (Sindicato Independente dos Trabalhadores dos Organismos P\u00fablicos e Apoio Social)<\/strong> para a ADMINISTRA\u00c7\u00c3O P\u00daBLICA (exclui trabalhadores da sa\u00fade), CENTRAL, LOCAL E REGIONAL e ENSINO SUPERIOR.<\/li>\n<\/ul>\n<p>Neste contexto, poder\u00e1 n\u00e3o ser poss\u00edvel assegurar o normal funcionamento dos estabelecimentos de ensino do Agrupamento de Escolas de G\u00f3is.<\/p>\n<p>Atenciosamente, subscrevemo-nos com os melhores cumprimentos.<\/p>\n<p>A Diretora do Agrupamento: Cristina Maria dos Santos Martins<\/p>\n","protected":false},"excerpt":{"rendered":"<p>Informa-se a comunidade educativa que para os dias: 11 de dezembro, est\u00e1 convocada uma greve Geral pela Federa\u00e7\u00e3o Nacional dos Sindicatos Independentes da administra\u00e7\u00e3o P\u00fablica e de Entidades com Fins P\u00fablicos (FESINAP), bem como pela Confedera\u00e7\u00e3o Geral dos Trabalhadores Portugueses&hellip; <\/p>\n","protected":false},"author":2,"featured_media":0,"comment_status":"closed","ping_status":"closed","sticky":false,"template":"","format":"standard","meta":{"footnotes":""},"categories":[1],"tags":[],"class_list":["post-6209","post","type-post","status-publish","format-standard","hentry","category-noticias"],"_links":{"self":[{"href":"https:\/\/www.aegois.com\/site\/wp-json\/wp\/v2\/posts\/6209","targetHints":{"allow":["GET"]}}],"collection":[{"href":"https:\/\/www.aegois.com\/site\/wp-json\/wp\/v2\/posts"}],"about":[{"href":"https:\/\/www.aegois.com\/site\/wp-json\/wp\/v2\/types\/post"}],"author":[{"embeddable":true,"href":"https:\/\/www.aegois.com\/site\/wp-json\/wp\/v2\/users\/2"}],"replies":[{"embeddable":true,"href":"https:\/\/www.aegois.com\/site\/wp-json\/wp\/v2\/comments?post=6209"}],"version-history":[{"count":2,"href":"https:\/\/www.aegois.com\/site\/wp-json\/wp\/v2\/posts\/6209\/revisions"}],"predecessor-version":[{"id":6212,"href":"https:\/\/www.aegois.com\/site\/wp-json\/wp\/v2\/posts\/6209\/revisions\/6212"}],"wp:attachment":[{"href":"https:\/\/www.aegois.com\/site\/wp-json\/wp\/v2\/media?parent=6209"}],"wp:term":[{"taxonomy":"category","embeddable":true,"href":"https:\/\/www.aegois.com\/site\/wp-json\/wp\/v2\/categories?post=6209"},{"taxonomy":"post_tag","embeddable":true,"href":"https:\/\/www.aegois.com\/site\/wp-json\/wp\/v2\/tags?post=6209"}],"curies":[{"name":"wp","href":"https:\/\/api.w.org\/{rel}","templated":true}]}}